{"id":50176,"date":"2023-01-07T19:57:03","date_gmt":"2023-01-08T01:57:03","guid":{"rendered":"http:\/\/www.zonaroja.com.mx\/?p=50176"},"modified":"2023-01-07T19:57:05","modified_gmt":"2023-01-08T01:57:05","slug":"muere-segunda-menor-de-edad-mordida-por-murcielagos-en-comunidad-de-oaxaca","status":"publish","type":"post","link":"https:\/\/zonaroja.com.mx\/?p=50176","title":{"rendered":"Muere segunda menor de edad mordida por murci\u00e9lagos, en comunidad de Oaxaca"},"content":{"rendered":"\n<p>Redacci\u00f3n\/Zona Roja.<\/p>\n\n\n\n<p>Oaxaca de Ju\u00e1rez, Oax., a 7 de diciembre de 2023.- Cinco semanas despu\u00e9s de la mordedura de murci\u00e9lagos contra tres menores de edad en la comunidad de Palo de Lima, San Lorenzo Texmelucan, la segunda v\u00edctima falleci\u00f3 este s\u00e1bado.<\/p>\n\n\n\n<p>Los Servicios de Salud de Oaxaca (SSO) confirmaron el deceso de la peque\u00f1a Aracely de ocho a\u00f1os de edad, quien era atendida en el Hospital Civil \u00abDr. Aurelio Valdivieso\u00bb de la capital del estado.<\/p>\n\n\n\n<p>El caso ocurri\u00f3 el 1 d diciembre de 2022 en dicha localidad de la regi\u00f3n Sierra Sur de la entidad; sin embargo, la familia peregrin\u00f3 por diversos nosocomios debido a la p\u00e9sima atenci\u00f3n y a la falta de equipos adecuados.<\/p>\n\n\n\n<p>Despu\u00e9s de ser atendidas en la cl\u00ednica local, debido a la gravedad del caso una semana despu\u00e9s los tres menores fueron llevados al Hospital de la Paz, entre Teojomulco y Texmelucan; pero tras ello, fueron trasladados al nosocomio ubicado en San Pablo Huixtepec, Zimatl\u00e1n.<\/p>\n\n\n\n<p>En ese sitio, los m\u00e9dicos se declararon incompetentes para atender la problem\u00e1tica, por lo que el 21 de diciembre, fueron trasladados al Hospital Civil; sin embargo, el pron\u00f3stico para dos de ellos ya era reservado, pues ten\u00edan muerte cerebral.<\/p>\n\n\n\n<p>Por ello, el 28 de diciembre, muri\u00f3 Lorenzo, de siete a\u00f1os de edad; d\u00edas despu\u00e9s fue dada de alta la m\u00e1s peque\u00f1a, de dos a\u00f1os de edad, debido a que las mordeduras no representaron peligro para su vida.<\/p>\n\n\n\n<p><\/p>\n","protected":false},"excerpt":{"rendered":"<p>Redacci\u00f3n\/Zona Roja. Oaxaca de Ju\u00e1rez, Oax., a 7 de diciembre de 2023.- Cinco semanas despu\u00e9s&hellip;<\/p>\n","protected":false},"author":2,"featured_media":50177,"comment_status":"closed","ping_status":"open","sticky":false,"template":"","format":"standard","meta":{"_lmt_disableupdate":"","_lmt_disable":"","_jetpack_memberships_contains_paid_content":false,"footnotes":""},"categories":[109,47],"tags":[2292],"class_list":["post-50176","post","type-post","status-publish","format-standard","has-post-thumbnail","hentry","category-minuto-a-minuto","category-zona-gris","tag-san-lorenzo-texmelucan"],"jetpack_featured_media_url":"https:\/\/zonaroja.com.mx\/wp-content\/uploads\/2023\/01\/Mordedura-murcielago-Oaxaca.jpg","jetpack_sharing_enabled":true,"_links":{"self":[{"href":"https:\/\/zonaroja.com.mx\/index.php?rest_route=\/wp\/v2\/posts\/50176","targetHints":{"allow":["GET"]}}],"collection":[{"href":"https:\/\/zonaroja.com.mx\/index.php?rest_route=\/wp\/v2\/posts"}],"about":[{"href":"https:\/\/zonaroja.com.mx\/index.php?rest_route=\/wp\/v2\/types\/post"}],"author":[{"embeddable":true,"href":"https:\/\/zonaroja.com.mx\/index.php?rest_route=\/wp\/v2\/users\/2"}],"replies":[{"embeddable":true,"href":"https:\/\/zonaroja.com.mx\/index.php?rest_route=%2Fwp%2Fv2%2Fcomments&post=50176"}],"version-history":[{"count":1,"href":"https:\/\/zonaroja.com.mx\/index.php?rest_route=\/wp\/v2\/posts\/50176\/revisions"}],"predecessor-version":[{"id":50178,"href":"https:\/\/zonaroja.com.mx\/index.php?rest_route=\/wp\/v2\/posts\/50176\/revisions\/50178"}],"wp:featuredmedia":[{"embeddable":true,"href":"https:\/\/zonaroja.com.mx\/index.php?rest_route=\/wp\/v2\/media\/50177"}],"wp:attachment":[{"href":"https:\/\/zonaroja.com.mx\/index.php?rest_route=%2Fwp%2Fv2%2Fmedia&parent=50176"}],"wp:term":[{"taxonomy":"category","embeddable":true,"href":"https:\/\/zonaroja.com.mx\/index.php?rest_route=%2Fwp%2Fv2%2Fcategories&post=50176"},{"taxonomy":"post_tag","embeddable":true,"href":"https:\/\/zonaroja.com.mx\/index.php?rest_route=%2Fwp%2Fv2%2Ftags&post=50176"}],"curies":[{"name":"wp","href":"https:\/\/api.w.org\/{rel}","templated":true}]}}