{"id":50179,"date":"2023-01-07T21:26:18","date_gmt":"2023-01-08T03:26:18","guid":{"rendered":"http:\/\/www.zonaroja.com.mx\/?p=50179"},"modified":"2023-01-07T21:26:20","modified_gmt":"2023-01-08T03:26:20","slug":"explosion-de-coheteria-deja-un-muerto-y-un-herido-en-ejutla-oaxaca","status":"publish","type":"post","link":"https:\/\/zonaroja.com.mx\/?p=50179","title":{"rendered":"Explosi\u00f3n de coheter\u00eda deja un muerto y un herido en Ejutla, Oaxaca"},"content":{"rendered":"\n<p>Ismael Garc\u00eda M.\/Zona Roja.<\/p>\n\n\n\n<p>Oaxaca de Ju\u00e1rez, Oax., a 7 de enero de 2023.- Un adolescente fallecido y un adulto lesionado es el saldo de la explosi\u00f3n de un local de coheter\u00eda, en Ejutla de Crespo, Oaxaca.<\/p>\n\n\n\n<p>De acuerdo con los reportes de corporaciones policiacas, el percance ocurri\u00f3 en el polvor\u00edn ubicado rumbo al cerro \u201cEl Mexicano\u201d, cerca del libramiento carretero.<\/p>\n\n\n\n<p>Presuntamente un mal manejo de materiales para pirotecnia gener\u00f3 la explosi\u00f3n, en que perdi\u00f3 la vida el menor de edad Gabriel L. R., de 17 a\u00f1os de edad, cuando era trasladado a un hospital de ese municipio de la regi\u00f3n Valles Centrales del estado.<\/p>\n\n\n\n<p>En tanto que su padre Epifanio L., de 45 a\u00f1os de edad, lo reportan como delicado de salud, con quemaduras de segundo y tercer grado en varias partes del cuerpo.&nbsp;<\/p>\n\n\n\n<p>Hasta el momento las autoridades estatales no han emitido informaci\u00f3n al respecto.<\/p>\n","protected":false},"excerpt":{"rendered":"<p>Ismael Garc\u00eda M.\/Zona Roja. Oaxaca de Ju\u00e1rez, Oax., a 7 de enero de 2023.- Un&hellip;<\/p>\n","protected":false},"author":2,"featured_media":50180,"comment_status":"closed","ping_status":"open","sticky":false,"template":"","format":"standard","meta":{"_lmt_disableupdate":"","_lmt_disable":"","_jetpack_memberships_contains_paid_content":false,"footnotes":""},"categories":[109,51],"tags":[702],"class_list":["post-50179","post","type-post","status-publish","format-standard","has-post-thumbnail","hentry","category-minuto-a-minuto","category-zona-roja","tag-ejutla-de-crespo"],"jetpack_featured_media_url":"https:\/\/zonaroja.com.mx\/wp-content\/uploads\/2023\/01\/Explosion-coheteria-polvorin-Ejutla.jpg","jetpack_sharing_enabled":true,"_links":{"self":[{"href":"https:\/\/zonaroja.com.mx\/index.php?rest_route=\/wp\/v2\/posts\/50179","targetHints":{"allow":["GET"]}}],"collection":[{"href":"https:\/\/zonaroja.com.mx\/index.php?rest_route=\/wp\/v2\/posts"}],"about":[{"href":"https:\/\/zonaroja.com.mx\/index.php?rest_route=\/wp\/v2\/types\/post"}],"author":[{"embeddable":true,"href":"https:\/\/zonaroja.com.mx\/index.php?rest_route=\/wp\/v2\/users\/2"}],"replies":[{"embeddable":true,"href":"https:\/\/zonaroja.com.mx\/index.php?rest_route=%2Fwp%2Fv2%2Fcomments&post=50179"}],"version-history":[{"count":1,"href":"https:\/\/zonaroja.com.mx\/index.php?rest_route=\/wp\/v2\/posts\/50179\/revisions"}],"predecessor-version":[{"id":50181,"href":"https:\/\/zonaroja.com.mx\/index.php?rest_route=\/wp\/v2\/posts\/50179\/revisions\/50181"}],"wp:featuredmedia":[{"embeddable":true,"href":"https:\/\/zonaroja.com.mx\/index.php?rest_route=\/wp\/v2\/media\/50180"}],"wp:attachment":[{"href":"https:\/\/zonaroja.com.mx\/index.php?rest_route=%2Fwp%2Fv2%2Fmedia&parent=50179"}],"wp:term":[{"taxonomy":"category","embeddable":true,"href":"https:\/\/zonaroja.com.mx\/index.php?rest_route=%2Fwp%2Fv2%2Fcategories&post=50179"},{"taxonomy":"post_tag","embeddable":true,"href":"https:\/\/zonaroja.com.mx\/index.php?rest_route=%2Fwp%2Fv2%2Ftags&post=50179"}],"curies":[{"name":"wp","href":"https:\/\/api.w.org\/{rel}","templated":true}]}}