{"id":50182,"date":"2023-01-07T21:36:42","date_gmt":"2023-01-08T03:36:42","guid":{"rendered":"http:\/\/www.zonaroja.com.mx\/?p=50182"},"modified":"2023-01-07T21:36:43","modified_gmt":"2023-01-08T03:36:43","slug":"delicado-de-salud-hombre-atacado-a-balazos-en-san-sebastian-tutla","status":"publish","type":"post","link":"https:\/\/zonaroja.com.mx\/?p=50182","title":{"rendered":"Delicado de salud, hombre atacado a balazos en San Sebasti\u00e1n Tutla"},"content":{"rendered":"\n<p>Ismael Garc\u00eda M.\/Zona Roja.<\/p>\n\n\n\n<p>Oaxaca de Ju\u00e1rez, Oax., a 7 de enero de 2023.- Como grave de salud fue reportado el individuo que fue atacado a balazos la tarde de este s\u00e1bado, en un local de comida de San Sebasti\u00e1n Tutla, municipio conurbado a la capital de Oaxaca.<\/p>\n\n\n\n<p>Fue aproximadamente a las 12:40 horas en que unas cuatro personas que ven\u00edan de jugar futbol en la zona, arribaron al local de carnitas \u201cEl G\u00fcero\u201d, para comprar alimentos.<\/p>\n\n\n\n<p>Sin embargo, de repente lleg\u00f3 un joven, encapuchado y cubierto del rostro, que sac\u00f3 un arma y dispar\u00f3 en contra de una de dos v\u00edctimas.<\/p>\n\n\n\n<p>Homero \u201cN\u201d recibi\u00f3 un disparo en la cabeza mientras que Luis \u201cN\u201d un roz\u00f3n; fueron atendidos por personal del Heroico Cuerpo de Bomberos, que lo trasladaron al Hospital Civil \u201cDr. Aurelio Valdivieso\u201d, donde lo reportan delicado de salud.<\/p>\n\n\n\n<p>De manera inicia se hab\u00eda informado que Homero \u201cN\u201d hab\u00eda perdido la vida, lo cual hasta esta noche ha sido descartado por las autoridades.<\/p>\n","protected":false},"excerpt":{"rendered":"<p>Ismael Garc\u00eda M.\/Zona Roja. Oaxaca de Ju\u00e1rez, Oax., a 7 de enero de 2023.- Como&hellip;<\/p>\n","protected":false},"author":2,"featured_media":50183,"comment_status":"closed","ping_status":"open","sticky":false,"template":"","format":"standard","meta":{"_lmt_disableupdate":"","_lmt_disable":"","_jetpack_memberships_contains_paid_content":false,"footnotes":""},"categories":[109,47],"tags":[1116],"class_list":["post-50182","post","type-post","status-publish","format-standard","has-post-thumbnail","hentry","category-minuto-a-minuto","category-zona-gris","tag-san-sebastian-tutla"],"jetpack_featured_media_url":"https:\/\/zonaroja.com.mx\/wp-content\/uploads\/2023\/01\/Atacado-a-balazos-San-Sebastian-Tutla.jpg","jetpack_sharing_enabled":true,"_links":{"self":[{"href":"https:\/\/zonaroja.com.mx\/index.php?rest_route=\/wp\/v2\/posts\/50182","targetHints":{"allow":["GET"]}}],"collection":[{"href":"https:\/\/zonaroja.com.mx\/index.php?rest_route=\/wp\/v2\/posts"}],"about":[{"href":"https:\/\/zonaroja.com.mx\/index.php?rest_route=\/wp\/v2\/types\/post"}],"author":[{"embeddable":true,"href":"https:\/\/zonaroja.com.mx\/index.php?rest_route=\/wp\/v2\/users\/2"}],"replies":[{"embeddable":true,"href":"https:\/\/zonaroja.com.mx\/index.php?rest_route=%2Fwp%2Fv2%2Fcomments&post=50182"}],"version-history":[{"count":1,"href":"https:\/\/zonaroja.com.mx\/index.php?rest_route=\/wp\/v2\/posts\/50182\/revisions"}],"predecessor-version":[{"id":50184,"href":"https:\/\/zonaroja.com.mx\/index.php?rest_route=\/wp\/v2\/posts\/50182\/revisions\/50184"}],"wp:featuredmedia":[{"embeddable":true,"href":"https:\/\/zonaroja.com.mx\/index.php?rest_route=\/wp\/v2\/media\/50183"}],"wp:attachment":[{"href":"https:\/\/zonaroja.com.mx\/index.php?rest_route=%2Fwp%2Fv2%2Fmedia&parent=50182"}],"wp:term":[{"taxonomy":"category","embeddable":true,"href":"https:\/\/zonaroja.com.mx\/index.php?rest_route=%2Fwp%2Fv2%2Fcategories&post=50182"},{"taxonomy":"post_tag","embeddable":true,"href":"https:\/\/zonaroja.com.mx\/index.php?rest_route=%2Fwp%2Fv2%2Ftags&post=50182"}],"curies":[{"name":"wp","href":"https:\/\/api.w.org\/{rel}","templated":true}]}}