{"id":50187,"date":"2023-01-09T09:34:00","date_gmt":"2023-01-09T15:34:00","guid":{"rendered":"http:\/\/www.zonaroja.com.mx\/?p=50187"},"modified":"2023-01-08T21:15:59","modified_gmt":"2023-01-09T03:15:59","slug":"gobierno-de-jara-cruz-desconoce-e-inaplica-renombre-a-regiones-de-oaxaca","status":"publish","type":"post","link":"https:\/\/zonaroja.com.mx\/?p=50187","title":{"rendered":"Gobierno de Jara Cruz desconoce e inaplica renombre a regiones de Oaxaca"},"content":{"rendered":"\n<p>Yuridiana Sosa\/Zona Roja.<\/p>\n\n\n\n<p>Oaxaca de Ju\u00e1rez, Oax., 7 de enero de 2023.- El Poder Ejecutivo de Oaxaca pas\u00f3 por alto las modificaciones realizadas por la 65 Legislatura del Congreso del Estado a nombres de regiones en la entidad, ocupando los antiguos para realizar el nuevo logotipo institucional de la administraci\u00f3n.<\/p>\n\n\n\n<p>A inicios del mes de noviembre el Congreso de Oaxaca aprob\u00f3 el cambio de los nombres oficiales de las regiones Ca\u00f1ada&nbsp;y&nbsp;Sierra&nbsp;Norte, por Sierra&nbsp;de&nbsp;Flores&nbsp;Mag\u00f3n&nbsp;y&nbsp;Sierra&nbsp;de&nbsp;Ju\u00e1rez, respectivamente.<\/p>\n\n\n\n<p>La modificaci\u00f3n se aval\u00f3 como una manera de rememorar a los oaxaque\u00f1os Ricardo Flores Mag\u00f3n y Benito Ju\u00e1rez, de trascendencia en la vida pol\u00edtica y social de M\u00e9xico y quienes nacieron en esas regiones de la entidad.<\/p>\n\n\n\n<p>Pese a ello, y a que la aprobaci\u00f3n represent\u00f3 modificaciones al art\u00edculo 28 de la constituci\u00f3n Pol\u00edtica de Oaxaca, los nuevos funcionarios que encabeza Salom\u00f3n Jara Cruz, alguno de ellos ex diputados, lo ignoraron o no respetaron.<\/p>\n\n\n\n<p>Es as\u00ed como el gobierno de Oaxaca sigue mencionando en su infograf\u00eda del logotipo los antiguos nombres de \u201cSierra Norte\u201d y \u201cCa\u00f1ada\u201d, los cuales oficialmente ya no existen.<\/p>\n\n\n\n<p>La nueva imagen institucional es promocionada desde los diferentes niveles de la administraci\u00f3n; trabajadores, funcionarios y desde el \u00e1rea de Comunicaci\u00f3n Social. En cuentas oficiales y personales en las redes sociales.<\/p>\n\n\n\n<p>\u201cConoce el significado del logo del Gobierno del Estado de Oaxaca. En \u00e9l se integra la gran riqueza pluricultural, diversa y maravillosa de las 8 regiones de nuestro estado\u201d, cit\u00f3 la publicaci\u00f3n desde la cuenta oficial del Gobierno de Oaxaca, acompa\u00f1ada de la imagen con el error en los nombres de dichas regiones.<\/p>\n","protected":false},"excerpt":{"rendered":"<p>Yuridiana Sosa\/Zona Roja. Oaxaca de Ju\u00e1rez, Oax., 7 de enero de 2023.- El Poder Ejecutivo&hellip;<\/p>\n","protected":false},"author":2,"featured_media":50219,"comment_status":"closed","ping_status":"open","sticky":false,"template":"","format":"standard","meta":{"_lmt_disableupdate":"","_lmt_disable":"","_jetpack_memberships_contains_paid_content":false,"footnotes":""},"categories":[109,47],"tags":[],"class_list":["post-50187","post","type-post","status-publish","format-standard","has-post-thumbnail","hentry","category-minuto-a-minuto","category-zona-gris"],"jetpack_featured_media_url":"https:\/\/zonaroja.com.mx\/wp-content\/uploads\/2023\/01\/Logotipo-Gobierno-de-Oaxaca-imagen-institucional.jpg","jetpack_sharing_enabled":true,"_links":{"self":[{"href":"https:\/\/zonaroja.com.mx\/index.php?rest_route=\/wp\/v2\/posts\/50187","targetHints":{"allow":["GET"]}}],"collection":[{"href":"https:\/\/zonaroja.com.mx\/index.php?rest_route=\/wp\/v2\/posts"}],"about":[{"href":"https:\/\/zonaroja.com.mx\/index.php?rest_route=\/wp\/v2\/types\/post"}],"author":[{"embeddable":true,"href":"https:\/\/zonaroja.com.mx\/index.php?rest_route=\/wp\/v2\/users\/2"}],"replies":[{"embeddable":true,"href":"https:\/\/zonaroja.com.mx\/index.php?rest_route=%2Fwp%2Fv2%2Fcomments&post=50187"}],"version-history":[{"count":1,"href":"https:\/\/zonaroja.com.mx\/index.php?rest_route=\/wp\/v2\/posts\/50187\/revisions"}],"predecessor-version":[{"id":50188,"href":"https:\/\/zonaroja.com.mx\/index.php?rest_route=\/wp\/v2\/posts\/50187\/revisions\/50188"}],"wp:featuredmedia":[{"embeddable":true,"href":"https:\/\/zonaroja.com.mx\/index.php?rest_route=\/wp\/v2\/media\/50219"}],"wp:attachment":[{"href":"https:\/\/zonaroja.com.mx\/index.php?rest_route=%2Fwp%2Fv2%2Fmedia&parent=50187"}],"wp:term":[{"taxonomy":"category","embeddable":true,"href":"https:\/\/zonaroja.com.mx\/index.php?rest_route=%2Fwp%2Fv2%2Fcategories&post=50187"},{"taxonomy":"post_tag","embeddable":true,"href":"https:\/\/zonaroja.com.mx\/index.php?rest_route=%2Fwp%2Fv2%2Ftags&post=50187"}],"curies":[{"name":"wp","href":"https:\/\/api.w.org\/{rel}","templated":true}]}}