{"id":50191,"date":"2023-01-08T09:43:00","date_gmt":"2023-01-08T15:43:00","guid":{"rendered":"http:\/\/www.zonaroja.com.mx\/?p=50191"},"modified":"2023-01-08T06:56:46","modified_gmt":"2023-01-08T12:56:46","slug":"reconoce-y-agradece-estados-unidos-detencion-de-ovidio-g","status":"publish","type":"post","link":"https:\/\/zonaroja.com.mx\/?p=50191","title":{"rendered":"Reconoce y agradece Estados Unidos detenci\u00f3n de Ovidio G."},"content":{"rendered":"\n<p>Redacci\u00f3n\/Zona Roja Cdmx.<\/p>\n\n\n\n<p>Ciudad de M\u00e9xico, a 8 de enero de 2023.- El gobierno de Estados Unidos se mostr\u00f3 este viernes \u201cagradecido\u201d por el arresto en M\u00e9xico del narcotraficante Ovidio G., uno de los hijos de Joaqu\u00edn \u2018El Chapo\u2019 Guzm\u00e1n m\u00e1s buscados por las autoridades estadounidenses.<\/p>\n\n\n\n<p>El portavoz del Consejo de Seguridad de la Casa Blanca, John Kirby, indic\u00f3 en una rueda de prensa que \u201cesto no es un logro insignificante por parte de las autoridades mexicanas\u201d.\u201dCiertamente estamos agradecidos por ello\u201d, dijo Kirby, en respuesta a una pregunta de un periodista sobre si al gobierno del presidente Joe Biden le gustar\u00eda ver alg\u00fan tipo de acci\u00f3n en concreto por parte de M\u00e9xico para detener la producci\u00f3n y contrabando de fentanilo.<\/p>\n\n\n\n<p>Kirby se\u00f1al\u00f3 que no quer\u00eda adelantarse a la cumbre de la pr\u00f3xima semana en M\u00e9xico entre Biden, su hom\u00f3logo mexicano, Andr\u00e9s Manuel L\u00f3pez Obrador, y el primer ministro de Canad\u00e1, Justin Trudeau, aunque asegur\u00f3 que van a hablar \u201cmucho\u201d sobre este tema.<\/p>\n\n\n\n<p>Y subray\u00f3 que M\u00e9xico ya ha adoptado \u201cpasos significativos\u201d como el arresto de Ovidio Guzm\u00e1n.<\/p>\n\n\n\n<p>Biden tiene previsto reunirse esta semana con L\u00f3pez Obrador y Trudeau, en su primera visita a M\u00e9xico y a Latinoam\u00e9rica.<\/p>\n\n\n\n<p>La detenci\u00f3n de Ovidio Guzm\u00e1n ocurri\u00f3 la madrugada del jueves en un operativo en la que estuvieron involucrados miembros del Ej\u00e9rcito Nacional, la Guardia Nacional y otras instituciones de seguridad y fue resultado de seis meses de trabajo, seg\u00fan el Gobierno mexicano.<\/p>\n\n\n\n<p>Tras su captura en Sinaloa, las Fuerzas Armadas mexicanas trasladaron al hijo del Chapo a la capital mexicana y lo pusieron a disposici\u00f3n del agente del Ministerio P\u00fablico federal para determinar su situaci\u00f3n jur\u00eddica.<\/p>\n","protected":false},"excerpt":{"rendered":"<p>Redacci\u00f3n\/Zona Roja Cdmx. Ciudad de M\u00e9xico, a 8 de enero de 2023.- El gobierno de&hellip;<\/p>\n","protected":false},"author":2,"featured_media":50192,"comment_status":"closed","ping_status":"open","sticky":false,"template":"","format":"standard","meta":{"_lmt_disableupdate":"","_lmt_disable":"","_jetpack_memberships_contains_paid_content":false,"footnotes":""},"categories":[109,47],"tags":[887],"class_list":["post-50191","post","type-post","status-publish","format-standard","has-post-thumbnail","hentry","category-minuto-a-minuto","category-zona-gris","tag-ovidio-guzman-lopez"],"jetpack_featured_media_url":"https:\/\/zonaroja.com.mx\/wp-content\/uploads\/2023\/01\/Ovidio-Guzman.jpg","jetpack_sharing_enabled":true,"_links":{"self":[{"href":"https:\/\/zonaroja.com.mx\/index.php?rest_route=\/wp\/v2\/posts\/50191","targetHints":{"allow":["GET"]}}],"collection":[{"href":"https:\/\/zonaroja.com.mx\/index.php?rest_route=\/wp\/v2\/posts"}],"about":[{"href":"https:\/\/zonaroja.com.mx\/index.php?rest_route=\/wp\/v2\/types\/post"}],"author":[{"embeddable":true,"href":"https:\/\/zonaroja.com.mx\/index.php?rest_route=\/wp\/v2\/users\/2"}],"replies":[{"embeddable":true,"href":"https:\/\/zonaroja.com.mx\/index.php?rest_route=%2Fwp%2Fv2%2Fcomments&post=50191"}],"version-history":[{"count":1,"href":"https:\/\/zonaroja.com.mx\/index.php?rest_route=\/wp\/v2\/posts\/50191\/revisions"}],"predecessor-version":[{"id":50193,"href":"https:\/\/zonaroja.com.mx\/index.php?rest_route=\/wp\/v2\/posts\/50191\/revisions\/50193"}],"wp:featuredmedia":[{"embeddable":true,"href":"https:\/\/zonaroja.com.mx\/index.php?rest_route=\/wp\/v2\/media\/50192"}],"wp:attachment":[{"href":"https:\/\/zonaroja.com.mx\/index.php?rest_route=%2Fwp%2Fv2%2Fmedia&parent=50191"}],"wp:term":[{"taxonomy":"category","embeddable":true,"href":"https:\/\/zonaroja.com.mx\/index.php?rest_route=%2Fwp%2Fv2%2Fcategories&post=50191"},{"taxonomy":"post_tag","embeddable":true,"href":"https:\/\/zonaroja.com.mx\/index.php?rest_route=%2Fwp%2Fv2%2Ftags&post=50191"}],"curies":[{"name":"wp","href":"https:\/\/api.w.org\/{rel}","templated":true}]}}