{"id":50194,"date":"2023-01-08T11:57:00","date_gmt":"2023-01-08T17:57:00","guid":{"rendered":"http:\/\/www.zonaroja.com.mx\/?p=50194"},"modified":"2023-01-08T16:12:48","modified_gmt":"2023-01-08T22:12:48","slug":"el-dia-que-murat-senalo-que-el-hoy-director-de-ieepo-presidia-narcogobierno","status":"publish","type":"post","link":"https:\/\/zonaroja.com.mx\/?p=50194","title":{"rendered":"El d\u00eda que Murat se\u00f1al\u00f3 que el hoy director de IEEPO presid\u00eda \u201cnarcogobierno\u201d"},"content":{"rendered":"\n<p>Yuridiana Sosa\/Zona Roja.<\/p>\n\n\n\n<p>Oaxaca de Ju\u00e1rez, Oax., 8 de enero de 2023.- Las relaciones entre el crimen organizado y las autoridades en Oaxaca fueron exhibidas por el entonces gobernador de Oaxaca, Alejandro Murat Hinojosa, quien se\u00f1al\u00f3 de manera p\u00fablica y precisa al ahora director del Instituto Estatal de Educaci\u00f3n P\u00fablica de Oaxaca (IEEPO), Emilio Montero P\u00e9rez.<\/p>\n\n\n\n<p>El 10 de febrero del 2022 el entonces mandatario de Oaxaca realiz\u00f3 severas acusaciones contra el gobierno municipal de Juchit\u00e1n de Zaragoza que encabez\u00f3 desde el 2019 el morenista Emilio Montero.<\/p>\n\n\n\n<p>Ocurri\u00f3 durante la Convenci\u00f3n Estatal de Delegadas y Delegados del PRI en el auditorio Guelaguetza, en la capital oaxaque\u00f1a, donde como parte de su discurso habl\u00f3 de la inseguridad y \u201cnarcogobiernos\u201d permitidos por otros partidos.<\/p>\n\n\n\n<p>\u201cEstamos aqu\u00ed para trabajar por la seguridad de nuestros hijos, de nuestras familias. Basta observar como municipios como Juchit\u00e1n en su cabildo tienen nombres de capos de la mafia\u201d.<\/p>\n\n\n\n<p>Montero P\u00e9rez fue primero edil por Morena en el periodo 2019-2021 y a quien negaron el registro por ese partido para la jornada electoral del 2021, por lo que busc\u00f3 la reelecci\u00f3n por el Partido del Trabajo.<\/p>\n\n\n\n<p>Datos del Secretariado Ejecutivo del Sistema Nacional de Seguridad P\u00fablica (SESNSP) dan cuenta de la estela de violencia registrada durante el gobierno de Montero P\u00e9rez.<\/p>\n\n\n\n<p>Del a\u00f1o 2019 a noviembre de 2022, periodo en que gobern\u00f3- se cometieron 166 homicidios dolosos; 12 secuestros, 20 casos de extorsiones, 37 por narcomenudeo y seis feminicidios.<\/p>\n\n\n\n<p>Los homicidios mantuvieron durante los cuatro a\u00f1os altas cifras. Durante el 2019 se registraron 51; en 2020, 35; en el a\u00f1o 2021, 46, es decir, en su primer periodo de gobierno se abrieron 132 carpetas de investigaci\u00f3n por homicidios dolosos, equivalentes al 80 por ciento del total.<\/p>\n","protected":false},"excerpt":{"rendered":"<p>Yuridiana Sosa\/Zona Roja. Oaxaca de Ju\u00e1rez, Oax., 8 de enero de 2023.- Las relaciones entre&hellip;<\/p>\n","protected":false},"author":2,"featured_media":50195,"comment_status":"closed","ping_status":"open","sticky":false,"template":"","format":"standard","meta":{"_lmt_disableupdate":"","_lmt_disable":"","_jetpack_memberships_contains_paid_content":false,"footnotes":""},"categories":[109,47],"tags":[1829],"class_list":["post-50194","post","type-post","status-publish","format-standard","has-post-thumbnail","hentry","category-minuto-a-minuto","category-zona-gris","tag-emilio-montero-perez"],"jetpack_featured_media_url":"https:\/\/zonaroja.com.mx\/wp-content\/uploads\/2023\/01\/Emilio-Montero-y-Alejandro-Murat.jpg","jetpack_sharing_enabled":true,"_links":{"self":[{"href":"https:\/\/zonaroja.com.mx\/index.php?rest_route=\/wp\/v2\/posts\/50194","targetHints":{"allow":["GET"]}}],"collection":[{"href":"https:\/\/zonaroja.com.mx\/index.php?rest_route=\/wp\/v2\/posts"}],"about":[{"href":"https:\/\/zonaroja.com.mx\/index.php?rest_route=\/wp\/v2\/types\/post"}],"author":[{"embeddable":true,"href":"https:\/\/zonaroja.com.mx\/index.php?rest_route=\/wp\/v2\/users\/2"}],"replies":[{"embeddable":true,"href":"https:\/\/zonaroja.com.mx\/index.php?rest_route=%2Fwp%2Fv2%2Fcomments&post=50194"}],"version-history":[{"count":2,"href":"https:\/\/zonaroja.com.mx\/index.php?rest_route=\/wp\/v2\/posts\/50194\/revisions"}],"predecessor-version":[{"id":50204,"href":"https:\/\/zonaroja.com.mx\/index.php?rest_route=\/wp\/v2\/posts\/50194\/revisions\/50204"}],"wp:featuredmedia":[{"embeddable":true,"href":"https:\/\/zonaroja.com.mx\/index.php?rest_route=\/wp\/v2\/media\/50195"}],"wp:attachment":[{"href":"https:\/\/zonaroja.com.mx\/index.php?rest_route=%2Fwp%2Fv2%2Fmedia&parent=50194"}],"wp:term":[{"taxonomy":"category","embeddable":true,"href":"https:\/\/zonaroja.com.mx\/index.php?rest_route=%2Fwp%2Fv2%2Fcategories&post=50194"},{"taxonomy":"post_tag","embeddable":true,"href":"https:\/\/zonaroja.com.mx\/index.php?rest_route=%2Fwp%2Fv2%2Ftags&post=50194"}],"curies":[{"name":"wp","href":"https:\/\/api.w.org\/{rel}","templated":true}]}}