{"id":50199,"date":"2023-01-08T07:41:25","date_gmt":"2023-01-08T13:41:25","guid":{"rendered":"http:\/\/www.zonaroja.com.mx\/?p=50199"},"modified":"2023-01-08T07:41:27","modified_gmt":"2023-01-08T13:41:27","slug":"dos-ejecutados-en-el-istmo-en-el-marco-de-la-gira-de-jara-por-la-zona","status":"publish","type":"post","link":"https:\/\/zonaroja.com.mx\/?p=50199","title":{"rendered":"Dos ejecutados en el Istmo, en el marco de la gira de Jara por la zona"},"content":{"rendered":"\n<p>Ismael Garc\u00eda M.\/Zona Roja.<\/p>\n\n\n\n<p>Oaxaca de Ju\u00e1rez, Oax., a 8 de enero de 2023.- Mientras el gobernador Salom\u00f3n Jara Cruz realiza una gira de trabajo por el Istmo de Tehuantepec, dos personas han sido ejecutadas a balazos en la regi\u00f3n.<\/p>\n\n\n\n<p>El m\u00e1s reciente caso ocurri\u00f3 la madrugada de hoy en el camino que comunica a Santo Domingo Tehuantepec con Santa Mar\u00eda Mixtequilla.<\/p>\n\n\n\n<p>En el interior de un taxi del sitio \u201cCrist\u00f3bal Col\u00f3n\u201d fue asesinado a balazos el conductor y dirigente de ese gremio, identificado de manera preliminar como Domingo P.<\/p>\n\n\n\n<p>La v\u00edctima muri\u00f3 al instante en el sitio, tras lo cual el \u00e1rea fue acordonada por corporaciones policiacas en tanto que personal de la Vicefiscal\u00eda Regional del Istmo realiza las indagatorias correspondientes.<\/p>\n\n\n\n<p>Ayer tambi\u00e9n pero en Juchit\u00e1n de Zaragoza, casi a la misma hora que hoy, fueron atacadas a balazos cuatro personas, en el exterior de una tienda de conveniencia, una de las cuales perdi\u00f3 la vida en el lugar.<\/p>\n\n\n\n<p>Mientras tanto, durante todo el s\u00e1bado, el gobernador Salom\u00f3n Jara Cruz realiz\u00f3 una gira de trabajo por el Istmo, que inici\u00f3 en el municipio de Salina Cruz y concluy\u00f3 con la supervisi\u00f3n de las obras de la supercarretera Oaxaca-Istmo.<\/p>\n","protected":false},"excerpt":{"rendered":"<p>Ismael Garc\u00eda M.\/Zona Roja. Oaxaca de Ju\u00e1rez, Oax., a 8 de enero de 2023.- Mientras&hellip;<\/p>\n","protected":false},"author":2,"featured_media":44175,"comment_status":"closed","ping_status":"open","sticky":false,"template":"","format":"standard","meta":{"_lmt_disableupdate":"","_lmt_disable":"","_jetpack_memberships_contains_paid_content":false,"footnotes":""},"categories":[109,51],"tags":[229],"class_list":["post-50199","post","type-post","status-publish","format-standard","has-post-thumbnail","hentry","category-minuto-a-minuto","category-zona-roja","tag-mixteca"],"jetpack_featured_media_url":"https:\/\/zonaroja.com.mx\/wp-content\/uploads\/2022\/08\/Asesinato-homicidio-escena-crimen.jpg","jetpack_sharing_enabled":true,"_links":{"self":[{"href":"https:\/\/zonaroja.com.mx\/index.php?rest_route=\/wp\/v2\/posts\/50199","targetHints":{"allow":["GET"]}}],"collection":[{"href":"https:\/\/zonaroja.com.mx\/index.php?rest_route=\/wp\/v2\/posts"}],"about":[{"href":"https:\/\/zonaroja.com.mx\/index.php?rest_route=\/wp\/v2\/types\/post"}],"author":[{"embeddable":true,"href":"https:\/\/zonaroja.com.mx\/index.php?rest_route=\/wp\/v2\/users\/2"}],"replies":[{"embeddable":true,"href":"https:\/\/zonaroja.com.mx\/index.php?rest_route=%2Fwp%2Fv2%2Fcomments&post=50199"}],"version-history":[{"count":1,"href":"https:\/\/zonaroja.com.mx\/index.php?rest_route=\/wp\/v2\/posts\/50199\/revisions"}],"predecessor-version":[{"id":50200,"href":"https:\/\/zonaroja.com.mx\/index.php?rest_route=\/wp\/v2\/posts\/50199\/revisions\/50200"}],"wp:featuredmedia":[{"embeddable":true,"href":"https:\/\/zonaroja.com.mx\/index.php?rest_route=\/wp\/v2\/media\/44175"}],"wp:attachment":[{"href":"https:\/\/zonaroja.com.mx\/index.php?rest_route=%2Fwp%2Fv2%2Fmedia&parent=50199"}],"wp:term":[{"taxonomy":"category","embeddable":true,"href":"https:\/\/zonaroja.com.mx\/index.php?rest_route=%2Fwp%2Fv2%2Fcategories&post=50199"},{"taxonomy":"post_tag","embeddable":true,"href":"https:\/\/zonaroja.com.mx\/index.php?rest_route=%2Fwp%2Fv2%2Ftags&post=50199"}],"curies":[{"name":"wp","href":"https:\/\/api.w.org\/{rel}","templated":true}]}}