{"id":5020,"date":"2019-10-21T21:03:05","date_gmt":"2019-10-22T02:03:05","guid":{"rendered":"http:\/\/www.zonaroja.com.mx\/?p=5020"},"modified":"2019-10-21T21:03:08","modified_gmt":"2019-10-22T02:03:08","slug":"ante-impunidad-tambien-codedi-pide-renuncia-del-fiscal-de-oaxaca","status":"publish","type":"post","link":"https:\/\/zonaroja.com.mx\/?p=5020","title":{"rendered":"Ante impunidad, tambi\u00e9n Codedi pide renuncia del fiscal de Oaxaca"},"content":{"rendered":"\n<p>Redacci\u00f3n\/Zona Roja.<\/p>\n\n\n\n<p>Foto: Cortes\u00eda<\/p>\n\n\n\n<p>Oaxaca de Ju\u00e1rez, Oax., 21 de octubre\nde 2019.- Adem\u00e1s de unirse a las demandas del Consejo de Organizaciones\nOaxaque\u00f1as Aut\u00f3nomas (COOA), el Comit\u00e9 de Defensa de los Derechos Ind\u00edgenas\n(Codedi) solicit\u00f3 la renuncia del fiscal General del Estado, Rub\u00e9n Vasconcelos\nM\u00e9ndez.<\/p>\n\n\n\n<p>Dicha organizaci\u00f3n realiz\u00f3 este lunes\nbloqueos carreteros en la v\u00eda federal 200, en el crucero a San Pedro Pochutla y\nen Santa Mar\u00eda Huatulco, para exigir esclarecimiento del asesinato de cinco de\nsus militantes, alto a la impunidad y castigo a los responsables.<\/p>\n\n\n\n<p>\u201cHasta que haya respuesta nos vamos a\nretirar; que el gobierno federal atraiga los casos de justicia y que se investigue\nal fiscal del estado, porque ha demostrado que no sirve para desempe\u00f1ar ese\npapel en Oaxaca\u201d, dijo Crist\u00f3bal Ram\u00edrez, uno de los voceros del Codedi.<\/p>\n\n\n\n<p>Similares demandas encabez\u00f3 el COOA en\nla capital del estado, en Puerto Escondido, Pinotepa Nacional, Asunci\u00f3n\nNochixtl\u00e1n, entre otros puntos, con bloqueos carreteros y protestas.<\/p>\n\n\n\n<p>\u201cSe hizo para pedir al gobierno federal\nque investiguen al fiscal del estado (Rub\u00e9n Vasconcelos), porque ya pasaron m\u00e1s\nde dos a\u00f1os del asesinato de nuestros dos compa\u00f1eros y no ha habido avances; tambi\u00e9n\nlas otras organizaciones tienen casos y no ha habido avances\u201d, dijo al\nperiodista Archibaldo Garc\u00eda.<\/p>\n\n\n\n<p>No obstante, evadi\u00f3 el caso de la\nviolencia que se present\u00f3 hace m\u00e1s de dos semanas en Santiago Xanica, en el\nmarco del proceso de elecci\u00f3n de autoridades municipales, y excus\u00f3 que ser\u00e1n\nlas agencias quienes \u201cver\u00e1n la mejor forma de resolver el conflicto\nposelectoral, porque ya est\u00e1 escalando una ola de violencia en la regi\u00f3n\u201d.<\/p>\n\n\n\n<p>\u201cLe pedir\u00edamos a Comisi\u00f3n Nacional de\nDerechos Humanos que fije los ojos hacia estos temas muy delicados, como asesinatos,\nfeminicidios, desapariciones y el fiscal no ha movido un solo dedo para\nsolucionarlos.<\/p>\n\n\n\n<p>\u201cNo s\u00f3lo son casos de nuestras\norganizaciones, sino que la violencia se ha incrementado en una velocidad impresionante\ny no se ha visto nada; al contrario, reprimen a los movimientos sociales; nos\nacusan sin antes hacer una investigaci\u00f3n exhaustiva de toda la violencia que se\ngenera en la regi\u00f3n\u201d, dijo.<\/p>\n","protected":false},"excerpt":{"rendered":"<p>Redacci\u00f3n\/Zona Roja. Foto: Cortes\u00eda Oaxaca de Ju\u00e1rez, Oax., 21 de octubre de 2019.- Adem\u00e1s de&hellip;<\/p>\n","protected":false},"author":2,"featured_media":5021,"comment_status":"closed","ping_status":"open","sticky":false,"template":"","format":"standard","meta":{"_lmt_disableupdate":"","_lmt_disable":"","_jetpack_memberships_contains_paid_content":false,"footnotes":""},"categories":[109,47],"tags":[832,494,170],"class_list":["post-5020","post","type-post","status-publish","format-standard","has-post-thumbnail","hentry","category-minuto-a-minuto","category-zona-gris","tag-comite-de-defensa-de-derechos-indigenas-codedi","tag-fiscalia-general-del-estado-de-oaxaca","tag-ruben-vasconcelos-mendez"],"jetpack_featured_media_url":"https:\/\/zonaroja.com.mx\/wp-content\/uploads\/2019\/10\/Bloqueos-Codedi.png","jetpack_sharing_enabled":true,"_links":{"self":[{"href":"https:\/\/zonaroja.com.mx\/index.php?rest_route=\/wp\/v2\/posts\/5020","targetHints":{"allow":["GET"]}}],"collection":[{"href":"https:\/\/zonaroja.com.mx\/index.php?rest_route=\/wp\/v2\/posts"}],"about":[{"href":"https:\/\/zonaroja.com.mx\/index.php?rest_route=\/wp\/v2\/types\/post"}],"author":[{"embeddable":true,"href":"https:\/\/zonaroja.com.mx\/index.php?rest_route=\/wp\/v2\/users\/2"}],"replies":[{"embeddable":true,"href":"https:\/\/zonaroja.com.mx\/index.php?rest_route=%2Fwp%2Fv2%2Fcomments&post=5020"}],"version-history":[{"count":1,"href":"https:\/\/zonaroja.com.mx\/index.php?rest_route=\/wp\/v2\/posts\/5020\/revisions"}],"predecessor-version":[{"id":5022,"href":"https:\/\/zonaroja.com.mx\/index.php?rest_route=\/wp\/v2\/posts\/5020\/revisions\/5022"}],"wp:featuredmedia":[{"embeddable":true,"href":"https:\/\/zonaroja.com.mx\/index.php?rest_route=\/wp\/v2\/media\/5021"}],"wp:attachment":[{"href":"https:\/\/zonaroja.com.mx\/index.php?rest_route=%2Fwp%2Fv2%2Fmedia&parent=5020"}],"wp:term":[{"taxonomy":"category","embeddable":true,"href":"https:\/\/zonaroja.com.mx\/index.php?rest_route=%2Fwp%2Fv2%2Fcategories&post=5020"},{"taxonomy":"post_tag","embeddable":true,"href":"https:\/\/zonaroja.com.mx\/index.php?rest_route=%2Fwp%2Fv2%2Ftags&post=5020"}],"curies":[{"name":"wp","href":"https:\/\/api.w.org\/{rel}","templated":true}]}}