{"id":50201,"date":"2023-01-08T09:57:00","date_gmt":"2023-01-08T15:57:00","guid":{"rendered":"http:\/\/www.zonaroja.com.mx\/?p=50201"},"modified":"2023-01-08T12:50:39","modified_gmt":"2023-01-08T18:50:39","slug":"crisis-de-la-basura-en-oaxaca-capital-ya-afecta-a-las-escuelas","status":"publish","type":"post","link":"https:\/\/zonaroja.com.mx\/?p=50201","title":{"rendered":"Crisis de la basura en Oaxaca capital ya afecta a las escuelas"},"content":{"rendered":"\n<p>Redacci\u00f3n\/Zona Roja.<\/p>\n\n\n\n<p>Oaxaca de Ju\u00e1rez, Oax., a 8 de enero de 2023.- Justo a tres meses del cierre definitivo del tiradero municipal ubicado en la Villa de Zaachila, la crisis de la basura en la ciudad de Oaxaca ya comienza a afectar a las instituciones educativas.<\/p>\n\n\n\n<p>Este fin de semana, la Escuela Secundaria T\u00e9cnica n\u00famero 1, ubicada en el bulevar Eduardo Vasconcelos \u2014donde se asientan al menos cuatro planteles m\u00e1s\u2014, emiti\u00f3 un comunicado a los padres de familia para notificar la suspensi\u00f3n de clases presenciales.<\/p>\n\n\n\n<p>Lo anterior por acuerdo con la Asociaci\u00f3n de Padres de Familia, \u201cpara salvaguardar la salud e higiene de los estudiantes, ya que debido a la acumulaci\u00f3n de basura en la ciudad y en particular en la escuela, se ha generado la proliferaci\u00f3n de ratas en toda la instituci\u00f3n.<\/p>\n\n\n\n<p>\u201cMotivo por lo cual nos vemos en la necesidad de suspender una o dos semanas de clases presenciales; en ese tiempo se har\u00e1 lo conducente para eliminar dicha plaga, las clases las recibir\u00e1n los alumnos en l\u00ednea a partir del martes 10 de enero\u201d.<\/p>\n\n\n\n<p>El comunicado dirigido a los padres de familia est\u00e1 firmado por el director del plantel, profesor Juan Jos\u00e9 Cruz Cervantes.<\/p>\n\n\n\n<p>En diversas ocasiones, ZONA ROJA ha dado a conocer mediante videos la acumulaci\u00f3n de basura en sitios cercanos a al menos cinco planetas de esa zona.<\/p>\n\n\n\n<p>Principalmente en inmediaciones del Polideportivo y en la calle de Alianza, a unos metros de la Escuela Secundaria T\u00e9cnica 1.<\/p>\n","protected":false},"excerpt":{"rendered":"<p>Redacci\u00f3n\/Zona Roja. Oaxaca de Ju\u00e1rez, Oax., a 8 de enero de 2023.- Justo a tres&hellip;<\/p>\n","protected":false},"author":2,"featured_media":50203,"comment_status":"closed","ping_status":"open","sticky":false,"template":"","format":"standard","meta":{"_lmt_disableupdate":"","_lmt_disable":"","_jetpack_memberships_contains_paid_content":false,"footnotes":""},"categories":[47],"tags":[148],"class_list":["post-50201","post","type-post","status-publish","format-standard","has-post-thumbnail","hentry","category-zona-gris","tag-oaxaca-de-juarez"],"jetpack_featured_media_url":"https:\/\/zonaroja.com.mx\/wp-content\/uploads\/2023\/01\/7d8f2c27-f093-4f19-b9ab-1a1e605e2dbc.jpg","jetpack_sharing_enabled":true,"_links":{"self":[{"href":"https:\/\/zonaroja.com.mx\/index.php?rest_route=\/wp\/v2\/posts\/50201","targetHints":{"allow":["GET"]}}],"collection":[{"href":"https:\/\/zonaroja.com.mx\/index.php?rest_route=\/wp\/v2\/posts"}],"about":[{"href":"https:\/\/zonaroja.com.mx\/index.php?rest_route=\/wp\/v2\/types\/post"}],"author":[{"embeddable":true,"href":"https:\/\/zonaroja.com.mx\/index.php?rest_route=\/wp\/v2\/users\/2"}],"replies":[{"embeddable":true,"href":"https:\/\/zonaroja.com.mx\/index.php?rest_route=%2Fwp%2Fv2%2Fcomments&post=50201"}],"version-history":[{"count":1,"href":"https:\/\/zonaroja.com.mx\/index.php?rest_route=\/wp\/v2\/posts\/50201\/revisions"}],"predecessor-version":[{"id":50202,"href":"https:\/\/zonaroja.com.mx\/index.php?rest_route=\/wp\/v2\/posts\/50201\/revisions\/50202"}],"wp:featuredmedia":[{"embeddable":true,"href":"https:\/\/zonaroja.com.mx\/index.php?rest_route=\/wp\/v2\/media\/50203"}],"wp:attachment":[{"href":"https:\/\/zonaroja.com.mx\/index.php?rest_route=%2Fwp%2Fv2%2Fmedia&parent=50201"}],"wp:term":[{"taxonomy":"category","embeddable":true,"href":"https:\/\/zonaroja.com.mx\/index.php?rest_route=%2Fwp%2Fv2%2Fcategories&post=50201"},{"taxonomy":"post_tag","embeddable":true,"href":"https:\/\/zonaroja.com.mx\/index.php?rest_route=%2Fwp%2Fv2%2Ftags&post=50201"}],"curies":[{"name":"wp","href":"https:\/\/api.w.org\/{rel}","templated":true}]}}