{"id":50205,"date":"2023-01-08T16:59:11","date_gmt":"2023-01-08T22:59:11","guid":{"rendered":"http:\/\/www.zonaroja.com.mx\/?p=50205"},"modified":"2023-01-08T17:00:47","modified_gmt":"2023-01-08T23:00:47","slug":"roja-primavera-oaxaquena-suman-una-mujer-y-dos-individuos-asesinados","status":"publish","type":"post","link":"https:\/\/zonaroja.com.mx\/?p=50205","title":{"rendered":"Roja \u201cprimavera oaxaque\u00f1a\u201d: suman una mujer y dos individuos asesinados"},"content":{"rendered":"\n<p>Ismael Garc\u00eda M.\/Zona Roja.<\/p>\n\n\n\n<p>Oaxaca de Ju\u00e1rez, Oax., a 8 de enero de 2023.- La violencia recrudeci\u00f3 en Oaxaca este domingo y el saldo criminal al momento es de un feminicidio y dos masculinos asesinados a balazos, en tres hechos distintos.<\/p>\n\n\n\n<p>Despu\u00e9s del mediod\u00eda de hoy, el cuerpo de una mujer, con huellas de violencia y envuelta en una s\u00e1bana, fue hallada a un costado de la carretera federal 190 Oaxaca-M\u00e9xico, en el tramo de Santiago Suchilquitongo a San Pablo Huitzo.<\/p>\n\n\n\n<p>Personal policiaco y ministerial arrib\u00f3 a la zona para acordonar el \u00e1rea e iniciar las indagatorias; hasta el momento la v\u00edctima no ha sido identificada y la Fiscal\u00eda General del Estado de Oaxaca inici\u00f3 las indagatorias bajo el protocolo de feminicidio.<\/p>\n\n\n\n<p>Mientras que alrededor del mediod\u00eda en el municipio de Santa Mar\u00eda Xadani, regi\u00f3n del Istmo, se suscit\u00f3 una agresi\u00f3n armada en contra de los ocupantes de un veh\u00edculo de motor.<\/p>\n\n\n\n<p>El saldo preliminar es de un masculino ultimado y otro m\u00e1s lesionado, que fue trasladado a un hospital; a\u00fan no han sido identificados.<\/p>\n\n\n\n<p>Como se inform\u00f3 previamente, alrededor de las 05:00 horas de hoy, el dirigente de un gremio de taxistas en Santo Domingo Tehuantepec, identificado como Domingo P., fue asesinado a balazos en el interior de su veh\u00edculo, en la carretera que conduce a Santa Mar\u00eda Xadani.<\/p>\n","protected":false},"excerpt":{"rendered":"<p>Ismael Garc\u00eda M.\/Zona Roja. Oaxaca de Ju\u00e1rez, Oax., a 8 de enero de 2023.- La&hellip;<\/p>\n","protected":false},"author":2,"featured_media":50206,"comment_status":"closed","ping_status":"open","sticky":false,"template":"","format":"standard","meta":{"_lmt_disableupdate":"","_lmt_disable":"","_jetpack_memberships_contains_paid_content":false,"footnotes":""},"categories":[109,51],"tags":[1296,1364],"class_list":["post-50205","post","type-post","status-publish","format-standard","has-post-thumbnail","hentry","category-minuto-a-minuto","category-zona-roja","tag-santa-maria-xadani","tag-santiago-suchilquitongo"],"jetpack_featured_media_url":"https:\/\/zonaroja.com.mx\/wp-content\/uploads\/2023\/01\/Mujer-asesinada-carretera-Etla.jpg","jetpack_sharing_enabled":true,"_links":{"self":[{"href":"https:\/\/zonaroja.com.mx\/index.php?rest_route=\/wp\/v2\/posts\/50205","targetHints":{"allow":["GET"]}}],"collection":[{"href":"https:\/\/zonaroja.com.mx\/index.php?rest_route=\/wp\/v2\/posts"}],"about":[{"href":"https:\/\/zonaroja.com.mx\/index.php?rest_route=\/wp\/v2\/types\/post"}],"author":[{"embeddable":true,"href":"https:\/\/zonaroja.com.mx\/index.php?rest_route=\/wp\/v2\/users\/2"}],"replies":[{"embeddable":true,"href":"https:\/\/zonaroja.com.mx\/index.php?rest_route=%2Fwp%2Fv2%2Fcomments&post=50205"}],"version-history":[{"count":1,"href":"https:\/\/zonaroja.com.mx\/index.php?rest_route=\/wp\/v2\/posts\/50205\/revisions"}],"predecessor-version":[{"id":50207,"href":"https:\/\/zonaroja.com.mx\/index.php?rest_route=\/wp\/v2\/posts\/50205\/revisions\/50207"}],"wp:featuredmedia":[{"embeddable":true,"href":"https:\/\/zonaroja.com.mx\/index.php?rest_route=\/wp\/v2\/media\/50206"}],"wp:attachment":[{"href":"https:\/\/zonaroja.com.mx\/index.php?rest_route=%2Fwp%2Fv2%2Fmedia&parent=50205"}],"wp:term":[{"taxonomy":"category","embeddable":true,"href":"https:\/\/zonaroja.com.mx\/index.php?rest_route=%2Fwp%2Fv2%2Fcategories&post=50205"},{"taxonomy":"post_tag","embeddable":true,"href":"https:\/\/zonaroja.com.mx\/index.php?rest_route=%2Fwp%2Fv2%2Ftags&post=50205"}],"curies":[{"name":"wp","href":"https:\/\/api.w.org\/{rel}","templated":true}]}}