{"id":50208,"date":"2023-01-08T17:05:43","date_gmt":"2023-01-08T23:05:43","guid":{"rendered":"http:\/\/www.zonaroja.com.mx\/?p=50208"},"modified":"2023-01-08T17:05:45","modified_gmt":"2023-01-08T23:05:45","slug":"regreso-a-clases-entre-rezago-educativo-y-sin-medidas-anticovid","status":"publish","type":"post","link":"https:\/\/zonaroja.com.mx\/?p=50208","title":{"rendered":"Regreso a clases entre rezago educativo y sin medidas anticovid"},"content":{"rendered":"\n<p>Redacci\u00f3n\/Zona Roja Cdmx.<\/p>\n\n\n\n<p>Ciudad de M\u00e9xico, a 8 de enero de 2023.- Tras casi tres a\u00f1os de cierres intermitentes y clases en l\u00ednea, este lunes las comunidades escolares regresar\u00e1n a las aulas arrastrando la p\u00e9rdida de aprendizaje, el abandono escolar y las afectaciones socioemocionales que dej\u00f3 el confinamiento a causa de la pandemia de Covid-19.<\/p>\n\n\n\n<p>Pero adem\u00e1s volver\u00e1n en medio de una par\u00e1lisis en la toma de decisiones de pol\u00edtica p\u00fablica por parte del sistema educativo mexicano para resolver dichos asuntos y un relajamiento de las medidas de prevenci\u00f3n contra el virus SARS-CoV-2 que sigue presente, coincidieron &nbsp;especialistas, padres de familia, docentes y alumnos<\/p>\n\n\n\n<p>En tanto, autoridades de San Luis Potos\u00ed podr\u00edan retomar clases de forma h\u00edbrida (presencial y a distancia v\u00eda internet).<\/p>\n\n\n\n<p>El secretario de Salud del estado, Daniel Acosta D\u00edaz de Le\u00f3n, explic\u00f3 que el alto n\u00famero de casos detectados de covid orilla a tomar este tipo de medidas.<\/p>\n\n\n\n<p>Por su parte, la Secretar\u00eda de Educaci\u00f3n de Nuevo Le\u00f3n confirm\u00f3 el regreso presencial a clases de los estudiantes de educaci\u00f3n b\u00e1sica en el estado tras el receso por las celebraciones decembrinas y aclar\u00f3 que s\u00f3lo se continuar\u00e1 con el uso de cubrebocas obligatorio.<\/p>\n\n\n\n<p>En Coahuila, ma\u00f1ana ser\u00e1 el regreso a clases de forma presencial, por lo que las autoridades exhortaron a los padres de familia a cuidar la salud de sus hijos para que retomen actividades con \u00e1nimo, compromiso y cumplan las metas de sacar avante sus calificaciones.<\/p>\n\n\n\n<p>Sin embargo, el secretario de Educaci\u00f3n, Francisco Saracho Navarro, no precis\u00f3 las medidas a tomar en los planteles escolares con el fin de prevenir posibles contagios de covid.<\/p>\n\n\n\n<p>Autoridades de Tamaulipas solicitar\u00e1n en este regreso a clases el uso del cubrebocas en espacios cerrados, como son los planteles escolares.<\/p>\n\n\n\n<p>Igualmente, autoridades del estado de Veracruz informaron que los planteles de educaci\u00f3n b\u00e1sica mantendr\u00e1n los filtros sanitarios debido al incremento en casos de contagio de coronavirus e influenza.&nbsp;<\/p>\n\n\n\n<p>(Informaci\u00f3n de \u201cExc\u00e9lsior\u201d)<\/p>\n","protected":false},"excerpt":{"rendered":"<p>Redacci\u00f3n\/Zona Roja Cdmx. Ciudad de M\u00e9xico, a 8 de enero de 2023.- Tras casi tres&hellip;<\/p>\n","protected":false},"author":2,"featured_media":27592,"comment_status":"closed","ping_status":"open","sticky":false,"template":"","format":"standard","meta":{"_lmt_disableupdate":"","_lmt_disable":"","_jetpack_memberships_contains_paid_content":false,"footnotes":""},"categories":[109,46],"tags":[],"class_list":["post-50208","post","type-post","status-publish","format-standard","has-post-thumbnail","hentry","category-minuto-a-minuto","category-zona-blanca"],"jetpack_featured_media_url":"https:\/\/zonaroja.com.mx\/wp-content\/uploads\/2021\/05\/Clases-Campeche.jpg","jetpack_sharing_enabled":true,"_links":{"self":[{"href":"https:\/\/zonaroja.com.mx\/index.php?rest_route=\/wp\/v2\/posts\/50208","targetHints":{"allow":["GET"]}}],"collection":[{"href":"https:\/\/zonaroja.com.mx\/index.php?rest_route=\/wp\/v2\/posts"}],"about":[{"href":"https:\/\/zonaroja.com.mx\/index.php?rest_route=\/wp\/v2\/types\/post"}],"author":[{"embeddable":true,"href":"https:\/\/zonaroja.com.mx\/index.php?rest_route=\/wp\/v2\/users\/2"}],"replies":[{"embeddable":true,"href":"https:\/\/zonaroja.com.mx\/index.php?rest_route=%2Fwp%2Fv2%2Fcomments&post=50208"}],"version-history":[{"count":1,"href":"https:\/\/zonaroja.com.mx\/index.php?rest_route=\/wp\/v2\/posts\/50208\/revisions"}],"predecessor-version":[{"id":50209,"href":"https:\/\/zonaroja.com.mx\/index.php?rest_route=\/wp\/v2\/posts\/50208\/revisions\/50209"}],"wp:featuredmedia":[{"embeddable":true,"href":"https:\/\/zonaroja.com.mx\/index.php?rest_route=\/wp\/v2\/media\/27592"}],"wp:attachment":[{"href":"https:\/\/zonaroja.com.mx\/index.php?rest_route=%2Fwp%2Fv2%2Fmedia&parent=50208"}],"wp:term":[{"taxonomy":"category","embeddable":true,"href":"https:\/\/zonaroja.com.mx\/index.php?rest_route=%2Fwp%2Fv2%2Fcategories&post=50208"},{"taxonomy":"post_tag","embeddable":true,"href":"https:\/\/zonaroja.com.mx\/index.php?rest_route=%2Fwp%2Fv2%2Ftags&post=50208"}],"curies":[{"name":"wp","href":"https:\/\/api.w.org\/{rel}","templated":true}]}}