{"id":50221,"date":"2023-01-09T08:07:00","date_gmt":"2023-01-09T14:07:00","guid":{"rendered":"http:\/\/www.zonaroja.com.mx\/?p=50221"},"modified":"2023-01-09T07:08:14","modified_gmt":"2023-01-09T13:08:14","slug":"opinion-quien-apostara-por-el-pri-quien-al-rescate","status":"publish","type":"post","link":"https:\/\/zonaroja.com.mx\/?p=50221","title":{"rendered":"Opini\u00f3n. \u00bfQui\u00e9n apostar\u00e1 por el PRI? \u00bfQui\u00e9n al rescate?"},"content":{"rendered":"\n<p>Ismael Garc\u00eda M.\/Zona Roja.<\/p>\n\n\n\n<p>Oaxaca de Ju\u00e1rez, Oax., a 9 de enero de 2023.- Las traiciones y el sentido de supervivencia hacia otros lares tienen pr\u00e1cticamente enterrado al PRI en Oaxaca.<\/p>\n\n\n\n<p>Traiciones que iniciaron con el otrora \u201cprimer priista del estado\u201d, Alejandro Murat Hinojosa, que simul\u00f3 apoyar a su partido pero que, desde el inicio del mandato de Andr\u00e9s Manuel L\u00f3pez Obrador, ya hab\u00eda pactado la entrega del estado.<\/p>\n\n\n\n<p>En los pr\u00f3ximos d\u00edas habr\u00e1 cambios en la dirigencia del Comit\u00e9 Directivo Estatal, sin embargo, desde hace semanas ha iniciado la purga entre varios grupos.<\/p>\n\n\n\n<p>En tanto, otros m\u00e1s \u2014muchos de ellos del equipo de Alejandro Avil\u00e9s, sabedor de que la de la gubernatura era una elecci\u00f3n perdida\u2014 apostaron por Salom\u00f3n Jara y hoy sus familiares siguen incrustados en la n\u00f3mina gubernamental, como pago de favores.<\/p>\n\n\n\n<p>La reyerta arreciar\u00e1 en los pr\u00f3ximos d\u00edas e incluir\u00e1 una purga, que puede alcanzar a Murat Hinojosa.<\/p>\n\n\n\n<p>LOS TRAIDORES<\/p>\n\n\n\n<p>Muchos de los cabecillas de la pol\u00edtica en la era priista ya sab\u00edan del pacto de los Murat con L\u00f3pez Obrador, incluyendo Avil\u00e9s, que a\u00fan as\u00ed acept\u00f3 ser candidato a gobernador, en una apuesta de ganar-ganar, aunque se hundiera el Revolucionario Institucional.<\/p>\n\n\n\n<p>Gozan hoy de dinero y mantienen sus influencias con Morena y el gobierno de Salom\u00f3n Jara Cruz.<\/p>\n\n\n\n<p>Hoy Avil\u00e9s sigue mandando a sus anchas desde del Poder Legislativo, donde a\u00fan, pese a ser minor\u00eda la bancada del PRI, impone condiciones de acuerdo con sus conveniencias pol\u00edticas y financieras. Y ya no le importa ni le interesa mucho consultar a los Murat.<\/p>\n\n\n\n<p>Pero tambi\u00e9n es displicente con la bancada morenista y, en un intercambio de favores \u2014con el consecuente monto\u2014, aprueba las iniciativas que ahora tiene contento a Jara Cruz.<\/p>\n\n\n\n<p>S\u00f3lo tiene una piedra en el zapato (o muchas): su amigo-compadre del alma, Gustavo D\u00edaz S\u00e1nchez, ya fue sentenciado a nivel estatal por un doble homicidio; el juicio a nivel federal, a\u00fan correr\u00e1\u2026 acorde a los tiempos pol\u00edtico-electorales.<\/p>\n\n\n\n<p>Sus incondicionales, felices. Gozan de fortuna, aunque no de buena fama, lo cual les tiene sin cuidado.<\/p>\n\n\n\n<p>Francisco Garc\u00eda L\u00f3pez hizo que como que trabaj\u00f3 y coordin\u00f3 la pol\u00edtica interna, a\u00fan cuando haya sido un fracaso. Pero fue un fracaso social, no econ\u00f3mico, pues desde ah\u00ed negoci\u00f3 m\u00faltiples movilizaciones y presiones y hasta azuz\u00f3 a algunos.<\/p>\n\n\n\n<p>Su c\u00f3mplice, Jorge Toledo Luis, quien no hizo nada en lo que era el Coplade pero mantuvieron el contubernio para negociar. Justamente en este c\u00edrculo de negociaci\u00f3n-movilizaci\u00f3n-dividendos monetarios, encaj\u00f3 tambi\u00e9n Marco Cuevas, que ahora presume tambi\u00e9n sus ligas con los morenistas.<\/p>\n\n\n\n<p>Aunque no es del primero c\u00edrculo de Avil\u00e9s, Francisco \u00c1ngel Maldonado se ha sumado a ellos, al quedar hu\u00e9rfano de Ivette Mor\u00e1n; grita a los cuatro vientos que le ir\u00e1 mejor con el gobierno de Morena que como estaba con el priista Murat.<\/p>\n\n\n\n<p>Otro caso es Eviel P\u00e9rez Maga\u00f1a, que tambi\u00e9n estuvo apoyando la campa\u00f1a morenista y en pago a ello, su hija ahora es parte de la coalici\u00f3n a favor de Jara en el Legislativo.<\/p>\n\n\n\n<p>Uno m\u00e1s es Jorge Franco Vargas, quien es asesor de la campa\u00f1a pol\u00edtica del hoy gobernador y sigue apoyando al partido guinda y a la autoridad estatal; por cierto, fiel de Ulises Ruiz Ortiz, quien tambi\u00e9n se sum\u00f3 al morenismo con varios de sus incondicionales, pese a que en redes sociales despotrique, y uno de sus alfiles sigue siendo Jes\u00fas Romero L\u00f3pez.<\/p>\n\n\n\n<p>Fue pr\u00e1cticamente una cargada hacia Morena; unos por rencores contra los Murat y otros para sobrevivir, lo que hoy tiene al partido en crisis y pr\u00e1cticamente desaparecido.<\/p>\n\n\n\n<p>EL TRAIDOR PRINCIPAL<\/p>\n\n\n\n<p>\u00bfY en d\u00f3nde est\u00e1 Alejandro Murat? Regres\u00f3 a su natal Estado de M\u00e9xico con su familia y transcurre por ahora su vida social entre esa entidad y la Ciudad de M\u00e9xico.<\/p>\n\n\n\n<p>Calcula sus tiempos pol\u00edticos\u2026 y tambi\u00e9n los millones de pesos que logr\u00f3 juntar en un corto lapso, para ver si podr\u00edan alcanzarle para financiar su campa\u00f1a pol\u00edtica en busca de la Presidencia de M\u00e9xico, habida cuenta que ya no hay erario de d\u00f3nde financiarse.<\/p>\n\n\n\n<p>Se pitorrea de las declaraciones de su sucesor Salom\u00f3n Jara, que asegura p\u00fablicamente que investigar\u00e1 y sancionar\u00e1 irregularidades del a\u00fan priista.&nbsp;<\/p>\n\n\n\n<p>Murat est\u00e1 seguro del manto protector que logr\u00f3 con L\u00f3pez Obrador, una vez que entreg\u00f3 el estado a Morena.<\/p>\n\n\n\n<p>De lo que no est\u00e1 seguro es si encontrar\u00e1 a\u00fan el apoyo del PRI, pues a nivel nacional, no las tiene consigo y no es el \u00fanico aspirante a la Presidencia de M\u00e9xico.<\/p>\n\n\n\n<p>Alejandro Moreno tambi\u00e9n se ha entregado a Obrador y por lo tanto, sobrevive y mantiene su poder; sabe que uno de los Murat, el padre, ha sido uno de los art\u00edfices de la vapuleada en su contra, por lo tanto, no apoyar\u00eda al j\u00fanior.<\/p>\n\n\n\n<p>El dirigente nacional del PRI se ha salvado en muchas ocasiones de la c\u00e1rcel, tras aceptar aprobar las iniciativas del Presidente y por eso ha recuperado su mando y ha dejado de ser molestado medi\u00e1ticamente.<\/p>\n\n\n\n<p>Para disfrazar el apoyo, el PRI Oaxaca que a\u00fan encabeza Javier villaca\u00f1a le dio el voto de confianza para prolongar su cargo y mantener el poder de decisi\u00f3n de las pr\u00f3ximas candidaturas, al Senado y a la Presidencia<\/p>\n\n\n\n<p>En el caso de Oaxaca, Murat qued\u00f3 como apestado entre los pocos priistas que quedan. Si quisiera volver al estado, no hallar\u00eda respaldo y, por el contrario, s\u00f3lo reclamos. Mucho menos militancia, pues durante sus seis a\u00f1os no hizo nada para cultivar y hacer crecer las bases priistas.<\/p>\n\n\n\n<p>\u00bfQU\u00c9 SIGUE?<\/p>\n\n\n\n<p>En la crisis en que entrar\u00e1 irremediablemente el PRI quedan muy escasas opciones.&nbsp;<\/p>\n\n\n\n<p>O de verdad se reagrupan y se recuperan\u2026 lo cual est\u00e1 dif\u00edcil pues no hay dinero m\u00e1s que las prerrogativas, o van a la extinci\u00f3n.&nbsp;<\/p>\n\n\n\n<p>O logran una dirigencia estatal que arrope a todos, que acabe con las diferencias, o quedar\u00e1 totalmente libre el paso a Morena para los pr\u00f3ximos cargos de representaci\u00f3n popular.<\/p>\n\n\n\n<p>Javier Villaca\u00f1a sabe que ya termin\u00f3 su ciclo y tiene dos opciones, seguir trabajando para el PRI o exigir su derecho de terminar lo que quedan de los dos a\u00f1os en el Senado, como suplente de Ra\u00fal Bola\u00f1os Cacho-Cu\u00e9.<\/p>\n\n\n\n<p>Hasta ahora, el \u00fanico que no se ha confrontado con los grupos internos del PRI es Francisco \u00c1ngel Villarreal, quien estuvo a punto de lograr la candidatura a la gubernatura y ten\u00eda todo estructurado para ello. Una decisi\u00f3n de Alejandro Moreno \u2014como parte de sus concesiones a Morena\u2014 ech\u00f3 al traste sus aspiraciones y el partido opt\u00f3 por Avil\u00e9s, que simul\u00f3 hacer campa\u00f1a y revivir al PRI. En breve vendr\u00e1 la sucesi\u00f3n en el partido y el ex director del IEEPO es por ahora, el \u00fanico que puede rescatar al partido.<\/p>\n\n\n\n<p>Mientras tanto la moneda est\u00e1 en el aire\u2026 ya est\u00e1n en puerta las decisiones para las pr\u00f3ximas diputaciones, senadur\u00edas y Presidencia de la Rep\u00fablica. Y los Jara seguir\u00e1n su labor de zapa y de cooptaci\u00f3n.<\/p>\n","protected":false},"excerpt":{"rendered":"<p>Ismael Garc\u00eda M.\/Zona Roja. Oaxaca de Ju\u00e1rez, Oax., a 9 de enero de 2023.- Las&hellip;<\/p>\n","protected":false},"author":2,"featured_media":41735,"comment_status":"closed","ping_status":"open","sticky":false,"template":"","format":"standard","meta":{"_lmt_disableupdate":"","_lmt_disable":"","_jetpack_memberships_contains_paid_content":false,"footnotes":""},"categories":[456,109,48],"tags":[],"class_list":["post-50221","post","type-post","status-publish","format-standard","has-post-thumbnail","hentry","category-columna","category-minuto-a-minuto","category-zona-critica"],"jetpack_featured_media_url":"https:\/\/zonaroja.com.mx\/wp-content\/uploads\/2022\/05\/Opinion-Ismael-Garcia-M.jpg","jetpack_sharing_enabled":true,"_links":{"self":[{"href":"https:\/\/zonaroja.com.mx\/index.php?rest_route=\/wp\/v2\/posts\/50221","targetHints":{"allow":["GET"]}}],"collection":[{"href":"https:\/\/zonaroja.com.mx\/index.php?rest_route=\/wp\/v2\/posts"}],"about":[{"href":"https:\/\/zonaroja.com.mx\/index.php?rest_route=\/wp\/v2\/types\/post"}],"author":[{"embeddable":true,"href":"https:\/\/zonaroja.com.mx\/index.php?rest_route=\/wp\/v2\/users\/2"}],"replies":[{"embeddable":true,"href":"https:\/\/zonaroja.com.mx\/index.php?rest_route=%2Fwp%2Fv2%2Fcomments&post=50221"}],"version-history":[{"count":1,"href":"https:\/\/zonaroja.com.mx\/index.php?rest_route=\/wp\/v2\/posts\/50221\/revisions"}],"predecessor-version":[{"id":50222,"href":"https:\/\/zonaroja.com.mx\/index.php?rest_route=\/wp\/v2\/posts\/50221\/revisions\/50222"}],"wp:featuredmedia":[{"embeddable":true,"href":"https:\/\/zonaroja.com.mx\/index.php?rest_route=\/wp\/v2\/media\/41735"}],"wp:attachment":[{"href":"https:\/\/zonaroja.com.mx\/index.php?rest_route=%2Fwp%2Fv2%2Fmedia&parent=50221"}],"wp:term":[{"taxonomy":"category","embeddable":true,"href":"https:\/\/zonaroja.com.mx\/index.php?rest_route=%2Fwp%2Fv2%2Fcategories&post=50221"},{"taxonomy":"post_tag","embeddable":true,"href":"https:\/\/zonaroja.com.mx\/index.php?rest_route=%2Fwp%2Fv2%2Ftags&post=50221"}],"curies":[{"name":"wp","href":"https:\/\/api.w.org\/{rel}","templated":true}]}}