{"id":50223,"date":"2023-01-09T07:24:42","date_gmt":"2023-01-09T13:24:42","guid":{"rendered":"http:\/\/www.zonaroja.com.mx\/?p=50223"},"modified":"2023-01-09T07:45:20","modified_gmt":"2023-01-09T13:45:20","slug":"tras-rescate-de-pareja-secuestrada-retorna-la-calma-en-guelavia","status":"publish","type":"post","link":"https:\/\/zonaroja.com.mx\/?p=50223","title":{"rendered":"Tras rescate de pareja secuestrada, retorna la calma en Guelav\u00eda"},"content":{"rendered":"\n<p>Redacci\u00f3n\/Zona Roja.<\/p>\n\n\n\n<p>Oaxaca de Ju\u00e1rez, Oax., a 9 de enero de 2023.- La madrugada de este lunes retorn\u00f3 la calma en San Juan Guelav\u00eda, tras el rescate de una pareja plagiada el s\u00e1bado, lo que gener\u00f3 una revuelta en esa comunidad zapoteca de los Valles Centrales de Oaxaca.<\/p>\n\n\n\n<p>De acuerdo con reportes policiacos, fue alrededor de las 18:00 horas en que en un domicilio en inmediaciones de la agencia Vicente Guerrero, de la Villa de Zaachila, fueron recuperados dos adultos, por parte de la Unidad Especializada de Combate al Secuestro, dependiente de la Fiscal\u00eda General del Estado.<\/p>\n\n\n\n<p>Basilia Garc\u00eda L\u00f3pez y Elpidio L\u00f3pez Antonio, fueron plagiados durante 24 horas y presuntamente hay dos personas detenidas por ello, originarias de Puebla y de la Ciudad de M\u00e9xico.<\/p>\n\n\n\n<p>Tras el rescate, fueron presentados ante la Fiscal\u00eda General, para rendir su declaraci\u00f3n correspondiente, por lo que en la madrugada retornaron a Guelav\u00eda.<\/p>\n\n\n\n<p>En tanto, los pobladores pusieron a disposici\u00f3n de las autoridades ministeriales a las personas que ten\u00edan retenidas y a la mujer que pretend\u00edan linchar, supuestamente familiar de los secuestradores.<\/p>\n\n\n\n<p>La tensi\u00f3n inici\u00f3 el s\u00e1bado con el plagio de la pareja y tras ello, a falta de respuesta oportuna del Gobierno del Estado, los habitantes iniciaron sus propias acciones.&nbsp;<\/p>\n\n\n\n<p>Ayer, el reportero Javier Santiago acudi\u00f3 a cubrir el intento de linchamiento pero fue agredido; la madrugada de hoy fue dado de alta en el Hospital Civil \u201cDr. Aurelio Valdivieso\u201d de la ciudad de Oaxaca.<\/p>\n\n\n\n<p>Personal policiaco estatal y la Guardia Nacional s\u00f3lo se mantuvieron a la expectativa en el crucero carretero a Guelav\u00eda; la Defensor\u00eda de los Derechos Humanos del Pueblo de Oaxaca envi\u00f3 visitadores para evitar violaci\u00f3n a garant\u00edas. <\/p>\n\n\n\n<p>Hasta el momento no hay ninguna versi\u00f3n de la Secretar\u00eda de Seguridad y Protecci\u00f3n Ciudadana o de la Fiscal\u00eda General del Estado.<\/p>\n","protected":false},"excerpt":{"rendered":"<p>Redacci\u00f3n\/Zona Roja. Oaxaca de Ju\u00e1rez, Oax., a 9 de enero de 2023.- La madrugada de&hellip;<\/p>\n","protected":false},"author":2,"featured_media":50225,"comment_status":"closed","ping_status":"open","sticky":false,"template":"","format":"standard","meta":{"_lmt_disableupdate":"","_lmt_disable":"","_jetpack_memberships_contains_paid_content":false,"footnotes":""},"categories":[109,47],"tags":[3381],"class_list":["post-50223","post","type-post","status-publish","format-standard","has-post-thumbnail","hentry","category-minuto-a-minuto","category-zona-gris","tag-san-juan-guelavia"],"jetpack_featured_media_url":"https:\/\/zonaroja.com.mx\/wp-content\/uploads\/2023\/01\/Localizados-secuestrados-San-Juan-Guelavia.jpg","jetpack_sharing_enabled":true,"_links":{"self":[{"href":"https:\/\/zonaroja.com.mx\/index.php?rest_route=\/wp\/v2\/posts\/50223","targetHints":{"allow":["GET"]}}],"collection":[{"href":"https:\/\/zonaroja.com.mx\/index.php?rest_route=\/wp\/v2\/posts"}],"about":[{"href":"https:\/\/zonaroja.com.mx\/index.php?rest_route=\/wp\/v2\/types\/post"}],"author":[{"embeddable":true,"href":"https:\/\/zonaroja.com.mx\/index.php?rest_route=\/wp\/v2\/users\/2"}],"replies":[{"embeddable":true,"href":"https:\/\/zonaroja.com.mx\/index.php?rest_route=%2Fwp%2Fv2%2Fcomments&post=50223"}],"version-history":[{"count":2,"href":"https:\/\/zonaroja.com.mx\/index.php?rest_route=\/wp\/v2\/posts\/50223\/revisions"}],"predecessor-version":[{"id":50227,"href":"https:\/\/zonaroja.com.mx\/index.php?rest_route=\/wp\/v2\/posts\/50223\/revisions\/50227"}],"wp:featuredmedia":[{"embeddable":true,"href":"https:\/\/zonaroja.com.mx\/index.php?rest_route=\/wp\/v2\/media\/50225"}],"wp:attachment":[{"href":"https:\/\/zonaroja.com.mx\/index.php?rest_route=%2Fwp%2Fv2%2Fmedia&parent=50223"}],"wp:term":[{"taxonomy":"category","embeddable":true,"href":"https:\/\/zonaroja.com.mx\/index.php?rest_route=%2Fwp%2Fv2%2Fcategories&post=50223"},{"taxonomy":"post_tag","embeddable":true,"href":"https:\/\/zonaroja.com.mx\/index.php?rest_route=%2Fwp%2Fv2%2Ftags&post=50223"}],"curies":[{"name":"wp","href":"https:\/\/api.w.org\/{rel}","templated":true}]}}