{"id":50228,"date":"2023-01-09T07:58:42","date_gmt":"2023-01-09T13:58:42","guid":{"rendered":"http:\/\/www.zonaroja.com.mx\/?p=50228"},"modified":"2023-01-09T08:41:26","modified_gmt":"2023-01-09T14:41:26","slug":"joe-biden-paso-su-primera-noche-en-mexico-se-traslado-del-aifa-a-un-hotel","status":"publish","type":"post","link":"https:\/\/zonaroja.com.mx\/?p=50228","title":{"rendered":"Joe Biden pas\u00f3 su primera noche en M\u00e9xico; se traslad\u00f3 del AIFA a un hotel"},"content":{"rendered":"\n<p>Redacci\u00f3n\/Zona Roja Cdmx.<\/p>\n\n\n\n<p>Ciudad de M\u00e9xico, a 9 de enero de 2023.- Tras m\u00e1s de una hora de camino, el presidente L\u00f3pez Obrador confirm\u00f3 a trav\u00e9s de su cuenta de Twitter que acompa\u00f1\u00f3 al mandatario Joe Biden hasta la puerta de su hotel ubicado en Polanco, Ciudad de M\u00e9xico.<\/p>\n\n\n\n<p>\u201cRecib\u00ed al presidente Joe Biden en el AIFA y lo acompa\u00f1\u00e9 en su veh\u00edculo hasta su hotel. Ma\u00f1ana estar\u00e1 con nosotros en Palacio Nacional; seguiremos conversando sobre los asuntos de inter\u00e9s para nuestros pueblos y naciones\u201d, comparti\u00f3.<\/p>\n\n\n\n<p>El veh\u00edculos particular de Joe Biden lleg\u00f3 anoche a las inmediaciones de la colonia Polanco, donde el presidente estadounidense y su esposa, Jill Biden, se hospedar\u00e1n durante su visita como parte de la X Cumbre de L\u00edderes de Am\u00e9rica del Norte.<\/p>\n\n\n\n<p>El canciller Marcero Ebrard comparti\u00f3 su gusto tras recibir al presidente Joe Biden, junto al mandatario mexicano, L\u00f3pez Obrador.<\/p>\n\n\n\n<p>\u201cSe inicia un gran encuentro a partir de objetivos comunes, respeto y aprecio mutuo entre M\u00e9xico y Estados Unidos\u201d, coment\u00f3 el secretario de Relaciones Exteriores (SRE) a trav\u00e9s de redes sociales.<\/p>\n\n\n\n<p>Por su parte, Beatriz Guti\u00e9rrez M\u00fcller tambi\u00e9n emiti\u00f3 un mensaje de recibimiento al mandatario de EEUU. \u201cBienvenido a M\u00e9xico, presidente Joseph Biden y la primera dama de Estados Unidos de Am\u00e9rica, Dra. Jill Biden\u201d, coment\u00f3.<\/p>\n","protected":false},"excerpt":{"rendered":"<p>Redacci\u00f3n\/Zona Roja Cdmx. Ciudad de M\u00e9xico, a 9 de enero de 2023.- Tras m\u00e1s de&hellip;<\/p>\n","protected":false},"author":2,"featured_media":50230,"comment_status":"closed","ping_status":"open","sticky":false,"template":"","format":"standard","meta":{"_lmt_disableupdate":"","_lmt_disable":"","_jetpack_memberships_contains_paid_content":false,"footnotes":""},"categories":[109,46],"tags":[3382],"class_list":["post-50228","post","type-post","status-publish","format-standard","has-post-thumbnail","hentry","category-minuto-a-minuto","category-zona-blanca","tag-joe-biden-en-mexico"],"jetpack_featured_media_url":"https:\/\/zonaroja.com.mx\/wp-content\/uploads\/2023\/01\/Lopez-Obrador-y-Biden.jpeg","jetpack_sharing_enabled":true,"_links":{"self":[{"href":"https:\/\/zonaroja.com.mx\/index.php?rest_route=\/wp\/v2\/posts\/50228","targetHints":{"allow":["GET"]}}],"collection":[{"href":"https:\/\/zonaroja.com.mx\/index.php?rest_route=\/wp\/v2\/posts"}],"about":[{"href":"https:\/\/zonaroja.com.mx\/index.php?rest_route=\/wp\/v2\/types\/post"}],"author":[{"embeddable":true,"href":"https:\/\/zonaroja.com.mx\/index.php?rest_route=\/wp\/v2\/users\/2"}],"replies":[{"embeddable":true,"href":"https:\/\/zonaroja.com.mx\/index.php?rest_route=%2Fwp%2Fv2%2Fcomments&post=50228"}],"version-history":[{"count":1,"href":"https:\/\/zonaroja.com.mx\/index.php?rest_route=\/wp\/v2\/posts\/50228\/revisions"}],"predecessor-version":[{"id":50232,"href":"https:\/\/zonaroja.com.mx\/index.php?rest_route=\/wp\/v2\/posts\/50228\/revisions\/50232"}],"wp:featuredmedia":[{"embeddable":true,"href":"https:\/\/zonaroja.com.mx\/index.php?rest_route=\/wp\/v2\/media\/50230"}],"wp:attachment":[{"href":"https:\/\/zonaroja.com.mx\/index.php?rest_route=%2Fwp%2Fv2%2Fmedia&parent=50228"}],"wp:term":[{"taxonomy":"category","embeddable":true,"href":"https:\/\/zonaroja.com.mx\/index.php?rest_route=%2Fwp%2Fv2%2Fcategories&post=50228"},{"taxonomy":"post_tag","embeddable":true,"href":"https:\/\/zonaroja.com.mx\/index.php?rest_route=%2Fwp%2Fv2%2Ftags&post=50228"}],"curies":[{"name":"wp","href":"https:\/\/api.w.org\/{rel}","templated":true}]}}