{"id":5023,"date":"2019-10-21T22:25:07","date_gmt":"2019-10-22T03:25:07","guid":{"rendered":"http:\/\/www.zonaroja.com.mx\/?p=5023"},"modified":"2019-10-21T22:25:10","modified_gmt":"2019-10-22T03:25:11","slug":"pide-uabjo-a-diputados-incremento-de-45-a-presupuesto-reitera-transparencia","status":"publish","type":"post","link":"https:\/\/zonaroja.com.mx\/?p=5023","title":{"rendered":"Pide UABJO a diputados incremento de 45% a presupuesto; reitera transparencia"},"content":{"rendered":"\n<p>Ismael Garc\u00eda M.<\/p>\n\n\n\n<p>San Raymundo Jalpan, Oax., 21 de octubre\nde 2019.- Funcionarios de la administraci\u00f3n central de la Universidad Aut\u00f3noma \u201cBenito\nJu\u00e1rez\u201d de Oaxaca plantearon a diputados locales un incremento presupuestal del\n45 por ciento para el ejercicio fiscal 2020.<\/p>\n\n\n\n<p>El a\u00f1o pasado, la m\u00e1xima casa de\nestudios tuvo una asignaci\u00f3n de mil 082 millones 938 mil 553 pesos, de los\ncuales el 89.45 por ciento es aportaci\u00f3n federal y el 10.54% es estatal.<\/p>\n\n\n\n<p>\u201cLa UABJO no solamente est\u00e1 en la\ndisposici\u00f3n de pedir, pedir y pedir, y no de informar; en algunas ocasiones se difunde\nque la UABJO va a pedir, necesita tanto; pero el car\u00e1cter de esta sesi\u00f3n es\nvenir a informar qu\u00e9 es lo que estamos haciendo, cu\u00e1les son los procedimientos\nde fiscalizaci\u00f3n, de qu\u00e9 manera hemos avanzado con el cumplimiento y\nrequerimientos de las normas de transparencia, qu\u00e9 estamos haciendo\u201d, dijo el\nrector Eduardo Bautista Mart\u00ecnez.<\/p>\n\n\n\n<p>La reuni\u00f3n se efectu\u00f3 este lunes al\nmediod\u00eda en la sede del Poder Legislativo y fue presidido por la presidenta de\nla Junta de Coordinaci\u00f3n Pol\u00edtica, Laura Estrada Mauro, as\u00ed como la responsable\nde la Comisi\u00f3n Permanente de Educaci\u00f3n, Juana Aguilar Espinoza, adem\u00e1s de los\nlegisladores No\u00e9 Doroteo Castillejos, Elim Antonio Aquino, P\u00e1vel Mel\u00e9ndez,\nentre otros.<\/p>\n\n\n\n<p>\u201cVenimos con la claridad y tambi\u00e9n\ninsistir en que la autonom\u00eda no la entendemos como impunidad, totalmente falso\nque la Universidad se niegue a informar acerca de su presupuesto porque es una\ninstituci\u00f3n aut\u00f3noma<\/p>\n\n\n\n<p>\u201cLa universidad est\u00e1 comprometida con\nla rendici\u00f3n de cuentas, los secretarios de la administraci\u00f3n central tienen\nindicaciones en ese sentido\u201d, dijo Bautista Mart\u00ednez, acompa\u00f1ado de la\nsecretaria General, Leticia Mendoza Toro y dem\u00e1s directivos.<\/p>\n\n\n\n<p>Indic\u00f3 que en una d\u00e9cada la Universidad ha tenido unas 39 auditor\u00edas y las observaciones en m\u00e1s de tres mil millones de pesos han sido de poco m\u00e1s del uno por ciento, que se fueron solventando.<\/p>\n\n\n\n<figure class=\"wp-block-embed-twitter wp-block-embed is-type-rich is-provider-twitter\"><div class=\"wp-block-embed__wrapper\">\n<div class=\"twitter-tweet\"><blockquote class=\"twitter-tweet\" data-lang=\"es\"><p lang=\"es\" dir=\"ltr\">El rector <a href=\"https:\/\/twitter.com\/Bautistaeduardo?ref_src=twsrc%5Etfw\">@Bautistaeduardo<\/a> y funcionarios de la <a href=\"https:\/\/twitter.com\/UABJO?ref_src=twsrc%5Etfw\">@UABJO<\/a> acudieron al <a href=\"https:\/\/twitter.com\/CongresoOaxLXIV?ref_src=twsrc%5Etfw\">@CongresoOaxLXIV<\/a> para solicitar incremento al presupuesto 2020; \u201cpero no se trata nada m\u00e1s de pedir por pedir; estamos y hemos estados abiertos a todo tipo de auditor\u00edas\u201d, dijo el responsable de la instituci\u00f3n. <a href=\"https:\/\/t.co\/qBi8YDyL8N\">pic.twitter.com\/qBi8YDyL8N<\/a><\/p>&mdash; Zona Roja Oaxaca (@MexRoja) <a href=\"https:\/\/twitter.com\/MexRoja\/status\/1186368883743248386?ref_src=twsrc%5Etfw\">21 de octubre de 2019<\/a><\/blockquote><\/div>\n<\/div><\/figure>\n\n\n\n<p>\u201cNunca como en este momento, la UABJO\nhab\u00eda tenido una coordinaci\u00f3n y un trabajo de cooperaci\u00f3n estrecha con las\ndistintas instancias auditoras, con la propia Auditor\u00eda Superior de la\nFederaci\u00f3n, con la Secretar\u00eda de la Funci\u00f3n P\u00fablica, con la Contralor\u00eda General\ny con el \u00d3rgano Superior de Fiscalizaci\u00f3n; hoy iniciamos una revisi\u00f3n m\u00e1s\u201d,\ndijo.<\/p>\n\n\n\n<p>Por su parte, la secretaria de Finanzas\nde la Universidad, Ver\u00f3nica Jim\u00e9nez Ochoa, expuso a los legisladores la\nsituaci\u00f3n actual de la m\u00e1xima casa de estudios, que atiende a m\u00e1s de 26 mil 873\nestudiantes en diferentes campus, en las regiones Valles, Costa, Mixteca e\nIstmo.<\/p>\n\n\n\n<p>No obstante, pese a que ha crecido la\nmatr\u00edcula escolar, ello no se ha reflejado en el incremento presupuestal.\nAdem\u00e1s, la falta de una regulaci\u00f3n en materia de pensiones ahoga a la\ninstituci\u00f3n y cada a\u00f1o presenta un d\u00e9ficit para cubrir salarios y prestaciones\nde fin de a\u00f1o.<\/p>\n\n\n\n<p>\u201cNo se trata solamente de pedir por\npedir, tambi\u00e9n estamos en disposici\u00f3n de aportar, de transparentar, para que la\nUABJO siga posicion\u00e1ndose como una de las instituciones m\u00e1s importantes\u201d, dijo\nBautista Mart\u00ednez.<\/p>\n\n\n\n<p>Los legisladores y las autoridades\nuniversitarias acordaron establecer mesas de trabajo para dar seguimiento a la\npetici\u00f3n de incremento presupuestal y en su caso despejar dudas.<\/p>\n","protected":false},"excerpt":{"rendered":"<p>Ismael Garc\u00eda M. San Raymundo Jalpan, Oax., 21 de octubre de 2019.- Funcionarios de la&hellip;<\/p>\n","protected":false},"author":2,"featured_media":5024,"comment_status":"closed","ping_status":"open","sticky":false,"template":"","format":"standard","meta":{"_lmt_disableupdate":"","_lmt_disable":"","_jetpack_memberships_contains_paid_content":false,"footnotes":""},"categories":[109,46],"tags":[360,282],"class_list":["post-5023","post","type-post","status-publish","format-standard","has-post-thumbnail","hentry","category-minuto-a-minuto","category-zona-blanca","tag-rector-eduardo-bautista-martinez","tag-universidad-autonoma-benito-juarez-de-oaxaca"],"jetpack_featured_media_url":"https:\/\/zonaroja.com.mx\/wp-content\/uploads\/2019\/10\/IMG_0440.jpg","jetpack_sharing_enabled":true,"_links":{"self":[{"href":"https:\/\/zonaroja.com.mx\/index.php?rest_route=\/wp\/v2\/posts\/5023","targetHints":{"allow":["GET"]}}],"collection":[{"href":"https:\/\/zonaroja.com.mx\/index.php?rest_route=\/wp\/v2\/posts"}],"about":[{"href":"https:\/\/zonaroja.com.mx\/index.php?rest_route=\/wp\/v2\/types\/post"}],"author":[{"embeddable":true,"href":"https:\/\/zonaroja.com.mx\/index.php?rest_route=\/wp\/v2\/users\/2"}],"replies":[{"embeddable":true,"href":"https:\/\/zonaroja.com.mx\/index.php?rest_route=%2Fwp%2Fv2%2Fcomments&post=5023"}],"version-history":[{"count":1,"href":"https:\/\/zonaroja.com.mx\/index.php?rest_route=\/wp\/v2\/posts\/5023\/revisions"}],"predecessor-version":[{"id":5025,"href":"https:\/\/zonaroja.com.mx\/index.php?rest_route=\/wp\/v2\/posts\/5023\/revisions\/5025"}],"wp:featuredmedia":[{"embeddable":true,"href":"https:\/\/zonaroja.com.mx\/index.php?rest_route=\/wp\/v2\/media\/5024"}],"wp:attachment":[{"href":"https:\/\/zonaroja.com.mx\/index.php?rest_route=%2Fwp%2Fv2%2Fmedia&parent=5023"}],"wp:term":[{"taxonomy":"category","embeddable":true,"href":"https:\/\/zonaroja.com.mx\/index.php?rest_route=%2Fwp%2Fv2%2Fcategories&post=5023"},{"taxonomy":"post_tag","embeddable":true,"href":"https:\/\/zonaroja.com.mx\/index.php?rest_route=%2Fwp%2Fv2%2Ftags&post=5023"}],"curies":[{"name":"wp","href":"https:\/\/api.w.org\/{rel}","templated":true}]}}