{"id":50236,"date":"2023-01-09T09:43:17","date_gmt":"2023-01-09T15:43:17","guid":{"rendered":"http:\/\/www.zonaroja.com.mx\/?p=50236"},"modified":"2023-01-09T09:43:19","modified_gmt":"2023-01-09T15:43:19","slug":"tres-fallecidos-y-11-lesionados-saldo-preliminar-de-accidente-carretero-en-oaxaca","status":"publish","type":"post","link":"https:\/\/zonaroja.com.mx\/?p=50236","title":{"rendered":"Tres fallecidos y 11 lesionados, saldo preliminar de accidente carretero en Oaxaca"},"content":{"rendered":"\n<p>Redacci\u00f3n\/Zona Roja Cdmx.<\/p>\n\n\n\n<p>Ciudad de M\u00e9xico, a 9 de enero de 2023.- Al menos tres personas fallecidas y 11 lesionadas es el saldo de la volcadura de una camioneta de pasajeros, en la carretera local Villa de Etta-Teococuilco de Marcos P\u00e9rez, Oaxaca.<\/p>\n\n\n\n<p>De acuerdo con reportes preliminares, el percance ocurri\u00f3 alrededor de las seis de la ma\u00f1ana, a la altura del paraje tur\u00edstico \u201cLas Guacamayas\u201d, cuando integrantes del grupo musical \u201cLa Encinera\u201d regresaba de amenizar un baile.<\/p>\n\n\n\n<p>Se desconocen las razones por las cuales la unidad de motor cay\u00f3 a un barranco de al menos 80 metros de profundidad.<\/p>\n\n\n\n<p>Las v\u00edctimas del grupo musical, originario de Jalapa del Valle, del municipio de San Felipe Tejal\u00e1pam, fueron atendidas por diversas corporaciones, entre ellas Protecci\u00f3n Civil de Etla, Heroico Cuerpo de Bomberos y Cruz Roja Mexicana.<\/p>\n\n\n\n<p>A\u00fan no han sido identificados los occisos y los lesionados fueron trasladados a hospitales de la ciudad de Oaxaca.<\/p>\n","protected":false},"excerpt":{"rendered":"<p>Redacci\u00f3n\/Zona Roja Cdmx. Ciudad de M\u00e9xico, a 9 de enero de 2023.- Al menos tres&hellip;<\/p>\n","protected":false},"author":2,"featured_media":50237,"comment_status":"closed","ping_status":"open","sticky":false,"template":"","format":"standard","meta":{"_lmt_disableupdate":"","_lmt_disable":"","_jetpack_memberships_contains_paid_content":false,"footnotes":""},"categories":[109,47],"tags":[],"class_list":["post-50236","post","type-post","status-publish","format-standard","has-post-thumbnail","hentry","category-minuto-a-minuto","category-zona-gris"],"jetpack_featured_media_url":"https:\/\/zonaroja.com.mx\/wp-content\/uploads\/2023\/01\/Accidente-carretero-grupo-musical-La-Encinera.jpg","jetpack_sharing_enabled":true,"_links":{"self":[{"href":"https:\/\/zonaroja.com.mx\/index.php?rest_route=\/wp\/v2\/posts\/50236","targetHints":{"allow":["GET"]}}],"collection":[{"href":"https:\/\/zonaroja.com.mx\/index.php?rest_route=\/wp\/v2\/posts"}],"about":[{"href":"https:\/\/zonaroja.com.mx\/index.php?rest_route=\/wp\/v2\/types\/post"}],"author":[{"embeddable":true,"href":"https:\/\/zonaroja.com.mx\/index.php?rest_route=\/wp\/v2\/users\/2"}],"replies":[{"embeddable":true,"href":"https:\/\/zonaroja.com.mx\/index.php?rest_route=%2Fwp%2Fv2%2Fcomments&post=50236"}],"version-history":[{"count":1,"href":"https:\/\/zonaroja.com.mx\/index.php?rest_route=\/wp\/v2\/posts\/50236\/revisions"}],"predecessor-version":[{"id":50238,"href":"https:\/\/zonaroja.com.mx\/index.php?rest_route=\/wp\/v2\/posts\/50236\/revisions\/50238"}],"wp:featuredmedia":[{"embeddable":true,"href":"https:\/\/zonaroja.com.mx\/index.php?rest_route=\/wp\/v2\/media\/50237"}],"wp:attachment":[{"href":"https:\/\/zonaroja.com.mx\/index.php?rest_route=%2Fwp%2Fv2%2Fmedia&parent=50236"}],"wp:term":[{"taxonomy":"category","embeddable":true,"href":"https:\/\/zonaroja.com.mx\/index.php?rest_route=%2Fwp%2Fv2%2Fcategories&post=50236"},{"taxonomy":"post_tag","embeddable":true,"href":"https:\/\/zonaroja.com.mx\/index.php?rest_route=%2Fwp%2Fv2%2Ftags&post=50236"}],"curies":[{"name":"wp","href":"https:\/\/api.w.org\/{rel}","templated":true}]}}