{"id":50241,"date":"2023-01-09T12:47:00","date_gmt":"2023-01-09T18:47:00","guid":{"rendered":"http:\/\/www.zonaroja.com.mx\/?p=50241"},"modified":"2023-01-09T17:31:18","modified_gmt":"2023-01-09T23:31:18","slug":"pend2-4","status":"publish","type":"post","link":"https:\/\/zonaroja.com.mx\/?p=50241","title":{"rendered":"Arranca Jara semana con protestas a puerta de Palacio de Gobierno"},"content":{"rendered":"\n<p>Yuridiana Sosa\/Zona Roja.<\/p>\n\n\n\n<p>Oaxaca de Ju\u00e1rez, Oax., 9 de enero de 2023.- Las inconformidades contra el gobierno de la \u201cprimavera oaxaque\u00f1a\u201d provocaron este inicio de semana diferentes protestas a las puertas de Palacio de Gobierno.<\/p>\n\n\n\n<p>Ciudadanos y organizaciones, cada uno por su cuenta, llevaron a cabo manifestaciones por la falta de justicia, acciones a favor del medio ambiente, omisi\u00f3n de dependencias y por confrontaciones con organizaciones sociales.<\/p>\n\n\n\n<p>La organizaci\u00f3n Asociaci\u00f3n para el Fomento y Desarrollo de los Pueblos de Oaxaca (Afodepo) se manifest\u00f3 en contra del gobierno estatal por las acusaciones que realiz\u00f3 presuntamente contra este grupo por el mal uso de recursos p\u00fablicos destinados a programas productivos en cinco municipios donde tiene presencia.<\/p>\n\n\n\n<p>Para confrontar a la autoridad, la Afodepo, de origen priista y liderada por Mauro Cruz Cruz, se agrup\u00f3 en el z\u00f3calo de la capital y despu\u00e9s se dirigi\u00f3 a la puerta principal de Palacio de Gobierno para exigir una mesa de di\u00e1logo.<\/p>\n\n\n\n<p>Seg\u00fan un bolet\u00edn del gobierno emitido el fin de semana, se detectaron irregularidades y falta de comprobaciones por recursos que rondan los seis millones de pesos, lo cual neg\u00f3 la organizaci\u00f3n y demand\u00f3 una supervisi\u00f3n real de los apoyos que se destinan por medio de la gestor\u00eda de este grupo.<\/p>\n\n\n\n<figure class=\"wp-block-embed is-type-rich is-provider-twitter wp-block-embed-twitter\"><div class=\"wp-block-embed__wrapper\">\n<div class=\"twitter-tweet\"><blockquote class=\"twitter-tweet\" data-lang=\"es\"><p lang=\"es\" dir=\"ltr\"><a href=\"https:\/\/twitter.com\/hashtag\/%C3%9AltimoMinuto?src=hash&amp;ref_src=twsrc%5Etfw\">#\u00daltimoMinuto<\/a> <br>Segunda protesta del lunes, ahora por parte de <a href=\"https:\/\/twitter.com\/COAOAmbiental?ref_src=twsrc%5Etfw\">@COAOAmbiental<\/a> <a href=\"https:\/\/twitter.com\/gsvoax?ref_src=twsrc%5Etfw\">@gsvoax<\/a>, que denuncia omisi\u00f3n de <a href=\"https:\/\/twitter.com\/SAPAO_GobOax?ref_src=twsrc%5Etfw\">@SAPAO_GobOax<\/a> para reparar alcantarillas en la ciudad de Oaxaca, lo que pone en riesgo a transe\u00fantes. <a href=\"https:\/\/t.co\/mocb8fo8pt\">pic.twitter.com\/mocb8fo8pt<\/a><\/p>&mdash; Zona Roja Oaxaca (@ZonaRoja_Oaxaca) <a href=\"https:\/\/twitter.com\/ZonaRoja_Oaxaca\/status\/1612489088539496454?ref_src=twsrc%5Etfw\">9 de enero de 2023<\/a><\/blockquote><\/div>\n<\/div><\/figure>\n\n\n\n<p>TAMBI\u00c9N AMBIENTALISTAS<\/p>\n\n\n\n<p>Por su parte, el Colectivo de Organizaciones Ambientalistas de Oaxaca (COAO) se manifest\u00f3 con pancartas sobre el pasillo exterior del edificio de gobierno para demandar atenci\u00f3n a diversos problemas ambientales.<\/p>\n\n\n\n<p>Entre sus exigencias mencionaron resolver la contaminaci\u00f3n en la playa principal de Puerto Escondido, la regulaci\u00f3n del monocultivo del agave, hacer p\u00fablica la Manifestaci\u00f3n del Impacto Ambiental del proyecto Interoce\u00e1nico del Istmo.<\/p>\n\n\n\n<p>En protesta alterna, la agrupaci\u00f3n ambientalista y el colectivo \u201cSalvando Vidas de Oaxaca\u201d, denunciaron la irresponsabilidad de Servicios de Agua Potable y Alcantarillado de Oaxaca (Sapao) para cubrir las alcantarillas destapadas y que representan un riesgo para el peat\u00f3n en la capital.<\/p>\n\n\n\n<p>Por lo que, a m\u00e1s de un mes de gobierno, exigieron a la autoridad atenci\u00f3n urgente para evitar graves accidentes.<\/p>\n\n\n\n<p>En el pasillo exterior a Palacio de Gobierno tambi\u00e9n se hicieron presentes con pancartas, familiares de dos mujeres asesinadas el 3 de febrero de 2021 en Ocotl\u00e1n de Morelos, y quienes son familia del comunicador \u00c9dgar Leyva.<\/p>\n\n\n\n<p>Los afectados con el doble feminicidio exigen justicia a casi dos a\u00f1os del caso, del cual se inform\u00f3 se aprehendieron a dos personas el 28 de febrero de ese a\u00f1o.<\/p>\n\n\n\n<p>En el palacio municipal, un grupo de supuestos comerciantes y empresarios protest\u00f3 en contra de hoteleros que hab\u00edan denunciado el otorgamiento de permisos por parte de funcionarios del ayuntamiento de Oaxaca de Ju\u00e1rez para abrir \u201cgiros negros\u201d, disfrazados de centros de hospedaje.<\/p>\n\n\n\n<p>Ambas partes se encontraron en el pasillo del Palacio Municipal lo que origin\u00f3 un zafarrancho; tras ello, al menos dos personas, entre ellas un encapuchado, al parecer trabajadores municipales, agredieron a cuatro periodistas e impidieron su labor.<\/p>\n\n\n\n<p>EN LA MIXTECA<\/p>\n\n\n\n<p>Mientras que Huajuapan de Le\u00f3n, diversas organizaciones sociales se concentraron en la carretera que conduce a Tezoatl\u00e1n de Segura y Luna, para iniciar bloqueos.<\/p>\n","protected":false},"excerpt":{"rendered":"<p>Yuridiana Sosa\/Zona Roja. Oaxaca de Ju\u00e1rez, Oax., 9 de enero de 2023.- Las inconformidades contra&hellip;<\/p>\n","protected":false},"author":2,"featured_media":50248,"comment_status":"closed","ping_status":"open","sticky":false,"template":"","format":"standard","meta":{"_lmt_disableupdate":"","_lmt_disable":"","_jetpack_memberships_contains_paid_content":false,"footnotes":""},"categories":[109,47],"tags":[2264],"class_list":["post-50241","post","type-post","status-publish","format-standard","has-post-thumbnail","hentry","category-minuto-a-minuto","category-zona-gris","tag-bloqueos-y-protestas-oaxaca"],"jetpack_featured_media_url":"https:\/\/zonaroja.com.mx\/wp-content\/uploads\/2023\/01\/Bloqueo-Afodepo-Palacio-de-Gobierno.jpg","jetpack_sharing_enabled":true,"_links":{"self":[{"href":"https:\/\/zonaroja.com.mx\/index.php?rest_route=\/wp\/v2\/posts\/50241","targetHints":{"allow":["GET"]}}],"collection":[{"href":"https:\/\/zonaroja.com.mx\/index.php?rest_route=\/wp\/v2\/posts"}],"about":[{"href":"https:\/\/zonaroja.com.mx\/index.php?rest_route=\/wp\/v2\/types\/post"}],"author":[{"embeddable":true,"href":"https:\/\/zonaroja.com.mx\/index.php?rest_route=\/wp\/v2\/users\/2"}],"replies":[{"embeddable":true,"href":"https:\/\/zonaroja.com.mx\/index.php?rest_route=%2Fwp%2Fv2%2Fcomments&post=50241"}],"version-history":[{"count":3,"href":"https:\/\/zonaroja.com.mx\/index.php?rest_route=\/wp\/v2\/posts\/50241\/revisions"}],"predecessor-version":[{"id":50250,"href":"https:\/\/zonaroja.com.mx\/index.php?rest_route=\/wp\/v2\/posts\/50241\/revisions\/50250"}],"wp:featuredmedia":[{"embeddable":true,"href":"https:\/\/zonaroja.com.mx\/index.php?rest_route=\/wp\/v2\/media\/50248"}],"wp:attachment":[{"href":"https:\/\/zonaroja.com.mx\/index.php?rest_route=%2Fwp%2Fv2%2Fmedia&parent=50241"}],"wp:term":[{"taxonomy":"category","embeddable":true,"href":"https:\/\/zonaroja.com.mx\/index.php?rest_route=%2Fwp%2Fv2%2Fcategories&post=50241"},{"taxonomy":"post_tag","embeddable":true,"href":"https:\/\/zonaroja.com.mx\/index.php?rest_route=%2Fwp%2Fv2%2Ftags&post=50241"}],"curies":[{"name":"wp","href":"https:\/\/api.w.org\/{rel}","templated":true}]}}