{"id":50252,"date":"2023-01-09T18:43:49","date_gmt":"2023-01-10T00:43:49","guid":{"rendered":"http:\/\/www.zonaroja.com.mx\/?p=50252"},"modified":"2023-01-09T19:33:21","modified_gmt":"2023-01-10T01:33:21","slug":"crece-rechazo-de-seccion-22-contra-gobierno-de-jara-por-imposicion-de-funcionarios","status":"publish","type":"post","link":"https:\/\/zonaroja.com.mx\/?p=50252","title":{"rendered":"Crece rechazo de Secci\u00f3n 22 contra gobierno de Jara por imposici\u00f3n de funcionarios"},"content":{"rendered":"\n<p>Yuridiana Sosa\/Zona Roja.<\/p>\n\n\n\n<p>Oaxaca de Ju\u00e1rez, Oax., 9 de enero de 2023.- La Secci\u00f3n 22 del Sindicato Nacional de Trabajadores de la Educaci\u00f3n (SNTE) se pronunci\u00f3 hoy contra nuevas designaciones realizadas en el gobierno de Salom\u00f3n Jara dentro del Instituto Estatal de Educaci\u00f3n P\u00fablica de Oaxaca (IEEPO).<\/p>\n\n\n\n<p>En conferencia de prensa, la gremial manifest\u00f3 su rechazo por el nombramiento unilateral de la titular de la Unidad de Educaci\u00f3n Ind\u00edgena, Eustolia Mateo Luna, al considerarlo inconstitucional y una violaci\u00f3n a los derechos de los pueblos ind\u00edgenas.<\/p>\n\n\n\n<p>Integrantes del Comit\u00e9 Ejecutivo Seccional calificaron de imposici\u00f3n dicha designaci\u00f3n otorgada por el titular del IEEPO, Emilio Montero P\u00e9rez, pues los pueblos ind\u00edgenas tienen la libre determinaci\u00f3n, en el marco de su autonom\u00eda, para nombrar a sus instituciones o representantes.<\/p>\n\n\n\n<p>As\u00ed tambi\u00e9n, puntualiz\u00f3 que ese nivel de educaci\u00f3n en Oaxaca tiene su propia estructura leg\u00edtima, en lo pedag\u00f3gico, administrativo y pol\u00edtico social, constituida como una Direcci\u00f3n General de los Pueblos Ind\u00edgenas, siendo esta la \u00fanica que reconoce el magisterio a partir del quinto congreso educativo en 2019.<\/p>\n\n\n\n<figure class=\"wp-block-embed is-type-rich is-provider-twitter wp-block-embed-twitter\"><div class=\"wp-block-embed__wrapper\">\n<div class=\"twitter-tweet\"><blockquote class=\"twitter-tweet\" data-lang=\"es\"><p lang=\"es\" dir=\"ltr\"><a href=\"https:\/\/twitter.com\/hashtag\/ENVIVO?src=hash&amp;ref_src=twsrc%5Etfw\">#ENVIVO<\/a><br>Oaxaca de Ju\u00e1rez, Oax., a 9 de enero de 2023.- Conferencia de prensa de la dirigencia de la Secci\u00f3n 22 del SNTE, en rechazo a designaciones en el <a href=\"https:\/\/twitter.com\/IEEPOGobOax?ref_src=twsrc%5Etfw\">@IEEPOGobOax<\/a>.<br>Transmisi\u00f3n \ud83d\udc47<a href=\"https:\/\/t.co\/yt3JgCKGSk\">https:\/\/t.co\/yt3JgCKGSk<\/a> <a href=\"https:\/\/t.co\/UtDLScAu5V\">pic.twitter.com\/UtDLScAu5V<\/a><\/p>&mdash; Zona Roja Oaxaca (@ZonaRoja_Oaxaca) <a href=\"https:\/\/twitter.com\/ZonaRoja_Oaxaca\/status\/1612516374382870528?ref_src=twsrc%5Etfw\">9 de enero de 2023<\/a><\/blockquote><\/div>\n<\/div><\/figure>\n\n\n\n<p>Por lo que la Secci\u00f3n 22 del SNTE exigi\u00f3 al gobierno de Jara Cruz la salida inmediata de la titular de la Unidad de Educaci\u00f3n Ind\u00edgena, pues esa unidad no es reconocida por el magisterio.<\/p>\n\n\n\n<p>Ante el hecho, la gremial tambi\u00e9n se\u00f1al\u00f3 que se reserva el derecho de realizar acciones de protestas en defensa de sus derechos laborales y educativos.<\/p>\n\n\n\n<p>De la misma manera, a pregunta expresa, dijo que estas exigencias no quedar\u00e1n \u00fanicamente en pronunciamientos, sino que efectuar\u00e1n movilizaciones en caso de no ser escuchados a la brevedad y se instale una mesa de trabajo.<\/p>\n\n\n\n<p>La gremial record\u00f3 que est\u00e1 pendiente la salida de Alejandro Tejada de la Polic\u00eda Auxiliar, Bancaria, Industrial y Comercial (PABIC), a quien consideraron de nuevo como un represor del movimiento social en 2006.<\/p>\n\n\n\n<figure class=\"wp-block-embed\"><div class=\"wp-block-embed__wrapper\">\n<div class=\"twitter-tweet\"><blockquote class=\"twitter-tweet\" data-lang=\"es\"><p lang=\"es\" dir=\"ltr\">En la conferencia de prensa de hoy, la Secci\u00f3n 22 remarc\u00f3 que no s\u00f3lo ser\u00e1n pronunciamientos, sino que har\u00e1n acciones ante decisi\u00f3n unilateral de <a href=\"https:\/\/twitter.com\/EMILIOMONTEROP?ref_src=twsrc%5Etfw\">@emiliomonterop<\/a>, de efectuar nombramientos en el <a href=\"https:\/\/twitter.com\/IEEPOGobOax?ref_src=twsrc%5Etfw\">@IEEPOGobOax<\/a>.<br>Reiter\u00f3 su rechazo al director de la <a href=\"https:\/\/twitter.com\/PABIC_GobOax?ref_src=twsrc%5Etfw\">@PABIC_GobOax<\/a>, <br>Alejandro Tejada. <a href=\"https:\/\/t.co\/95UpJEP1IY\">pic.twitter.com\/95UpJEP1IY<\/a><\/p>&mdash; Zona Roja Oaxaca (@ZonaRoja_Oaxaca) <a href=\"https:\/\/twitter.com\/ZonaRoja_Oaxaca\/status\/1612622320555757569?ref_src=twsrc%5Etfw\">10 de enero de 2023<\/a><\/blockquote><\/div>\n<\/div><\/figure>\n","protected":false},"excerpt":{"rendered":"<p>Yuridiana Sosa\/Zona Roja. Oaxaca de Ju\u00e1rez, Oax., 9 de enero de 2023.- La Secci\u00f3n 22&hellip;<\/p>\n","protected":false},"author":2,"featured_media":50249,"comment_status":"closed","ping_status":"open","sticky":false,"template":"","format":"standard","meta":{"_lmt_disableupdate":"","_lmt_disable":"","_jetpack_memberships_contains_paid_content":false,"footnotes":""},"categories":[109,47],"tags":[312],"class_list":["post-50252","post","type-post","status-publish","format-standard","has-post-thumbnail","hentry","category-minuto-a-minuto","category-zona-gris","tag-seccion-22-del-snte"],"jetpack_featured_media_url":"https:\/\/zonaroja.com.mx\/wp-content\/uploads\/2023\/01\/Conferencia-de-prensa-Seccion-22-del-SNTE.jpg","jetpack_sharing_enabled":true,"_links":{"self":[{"href":"https:\/\/zonaroja.com.mx\/index.php?rest_route=\/wp\/v2\/posts\/50252","targetHints":{"allow":["GET"]}}],"collection":[{"href":"https:\/\/zonaroja.com.mx\/index.php?rest_route=\/wp\/v2\/posts"}],"about":[{"href":"https:\/\/zonaroja.com.mx\/index.php?rest_route=\/wp\/v2\/types\/post"}],"author":[{"embeddable":true,"href":"https:\/\/zonaroja.com.mx\/index.php?rest_route=\/wp\/v2\/users\/2"}],"replies":[{"embeddable":true,"href":"https:\/\/zonaroja.com.mx\/index.php?rest_route=%2Fwp%2Fv2%2Fcomments&post=50252"}],"version-history":[{"count":2,"href":"https:\/\/zonaroja.com.mx\/index.php?rest_route=\/wp\/v2\/posts\/50252\/revisions"}],"predecessor-version":[{"id":50257,"href":"https:\/\/zonaroja.com.mx\/index.php?rest_route=\/wp\/v2\/posts\/50252\/revisions\/50257"}],"wp:featuredmedia":[{"embeddable":true,"href":"https:\/\/zonaroja.com.mx\/index.php?rest_route=\/wp\/v2\/media\/50249"}],"wp:attachment":[{"href":"https:\/\/zonaroja.com.mx\/index.php?rest_route=%2Fwp%2Fv2%2Fmedia&parent=50252"}],"wp:term":[{"taxonomy":"category","embeddable":true,"href":"https:\/\/zonaroja.com.mx\/index.php?rest_route=%2Fwp%2Fv2%2Fcategories&post=50252"},{"taxonomy":"post_tag","embeddable":true,"href":"https:\/\/zonaroja.com.mx\/index.php?rest_route=%2Fwp%2Fv2%2Ftags&post=50252"}],"curies":[{"name":"wp","href":"https:\/\/api.w.org\/{rel}","templated":true}]}}