{"id":50254,"date":"2023-01-09T18:48:16","date_gmt":"2023-01-10T00:48:16","guid":{"rendered":"http:\/\/www.zonaroja.com.mx\/?p=50254"},"modified":"2023-01-09T18:48:18","modified_gmt":"2023-01-10T00:48:18","slug":"mexico-eu-y-canada-condenaron-el-intento-de-golpe-de-estado-en-brasil","status":"publish","type":"post","link":"https:\/\/zonaroja.com.mx\/?p=50254","title":{"rendered":"M\u00e9xico, EU y Canad\u00e1 condenaron el intento de Golpe de Estado en Brasil"},"content":{"rendered":"\n<p>Redacci\u00f3n\/Zona Roja Cdmx.<\/p>\n\n\n\n<p>Ciudad de M\u00e9xico, a 9 de enero de 2023.- En el marco de la X Cumbre de L\u00edderes de Am\u00e9rica del Norte, los gobiernos de M\u00e9xico, Estados Unidos (EEUU) y Canad\u00e1 condenaron el intento de golpe de estado suscitado en Brasil del pasado 8 de enero.<\/p>\n\n\n\n<p>A trav\u00e9s de un comunicado conjunto publicado por el Gobierno de M\u00e9xico, las tres naciones norteamericanas reprobaron la invasi\u00f3n de simpatizantes del ex presidente antecesor de Luiz In\u00e1cio Lula da Silva, Jair Bolsonaro, a las \u00e1reas del Palacio presidencial, el Congreso y la Corte Suprema.<\/p>\n\n\n\n<p>\u201cM\u00e9xico, Estados Unidos y Canad\u00e1 condenan los ataques del 8 de enero contra la democracia brasile\u00f1a y el traspaso pac\u00edfico del poder\u201d.<\/p>\n\n\n\n<p>Fue en la tarde del 8 de enero cuando los grupos radicales irrumpieron en los edificios gubernamentales como parte de su exigencia por una \u201cintervenci\u00f3n\u201d militar para derrocar a Lula Da Silva. Cabe se\u00f1alar que extremistas hab\u00edan acampado frente al Cuartel General del Ej\u00e9rcito, en Brasilia, desde el d\u00eda posterior a las elecciones del 30 de octubre pasado, en las que el izquierdista derrot\u00f3 a Bolsonaro.<\/p>\n\n\n\n<p>Ante ello, M\u00e9xico, EEUU y Canad\u00e1 reiteraron su apoyo a la Rep\u00fablica Federativa de Brasil en la salvaguarda de sus instituciones democr\u00e1ticas, as\u00ed como a \u201cla libre voluntad de las personas de Brasil\u201d.<\/p>\n\n\n\n<p>Finalmente, el documento extern\u00f3 inter\u00e9s por un trabajo conjunto con Lula da Silva para \u201ccumplir con nuestros pa\u00edses, el hemisferio occidental y el resto del mundo\u201d.<\/p>\n\n\n\n<p>Cabe se\u00f1alar que durante su conferencia matutina de prensa, el presidente de M\u00e9xico, Andr\u00e9s Manuel L\u00f3pez Obrador (AMLO), reconoci\u00f3 la solidaridad que sus hom\u00f3logos Joe Biden, de EEUU, y Justin Trudeau, de Canad\u00e1, tambi\u00e9n expresaron a Lula Da Silva, as\u00ed como de otros l\u00edderes de Latinoam\u00e9rica y alrededor del globo.<\/p>\n\n\n\n<p>\u201cPr\u00e1cticamente todos los pa\u00edses del mundo se expresaron en rechazo de la actitud antidemocr\u00e1tica y en favor del presidente Lula (&#8230;) Es muy satisfactorio el que la solidaridad no sea nada m\u00e1s de pa\u00edses de Am\u00e9rica Latina y el Caribe\u201d, expres\u00f3 desde Palacio Nacional.<\/p>\n\n\n\n<p>(Informaci\u00f3n de Infobae M\u00e9xici)<\/p>\n","protected":false},"excerpt":{"rendered":"<p>Redacci\u00f3n\/Zona Roja Cdmx. Ciudad de M\u00e9xico, a 9 de enero de 2023.- En el marco&hellip;<\/p>\n","protected":false},"author":2,"featured_media":50255,"comment_status":"closed","ping_status":"open","sticky":false,"template":"","format":"standard","meta":{"_lmt_disableupdate":"","_lmt_disable":"","_jetpack_memberships_contains_paid_content":false,"footnotes":""},"categories":[109,46],"tags":[3384],"class_list":["post-50254","post","type-post","status-publish","format-standard","has-post-thumbnail","hentry","category-minuto-a-minuto","category-zona-blanca","tag-gobierno-de-mexico"],"jetpack_featured_media_url":"https:\/\/zonaroja.com.mx\/wp-content\/uploads\/2023\/01\/Presidentes-Mexico-Canada-Estados-Unidos.jpg","jetpack_sharing_enabled":true,"_links":{"self":[{"href":"https:\/\/zonaroja.com.mx\/index.php?rest_route=\/wp\/v2\/posts\/50254","targetHints":{"allow":["GET"]}}],"collection":[{"href":"https:\/\/zonaroja.com.mx\/index.php?rest_route=\/wp\/v2\/posts"}],"about":[{"href":"https:\/\/zonaroja.com.mx\/index.php?rest_route=\/wp\/v2\/types\/post"}],"author":[{"embeddable":true,"href":"https:\/\/zonaroja.com.mx\/index.php?rest_route=\/wp\/v2\/users\/2"}],"replies":[{"embeddable":true,"href":"https:\/\/zonaroja.com.mx\/index.php?rest_route=%2Fwp%2Fv2%2Fcomments&post=50254"}],"version-history":[{"count":1,"href":"https:\/\/zonaroja.com.mx\/index.php?rest_route=\/wp\/v2\/posts\/50254\/revisions"}],"predecessor-version":[{"id":50256,"href":"https:\/\/zonaroja.com.mx\/index.php?rest_route=\/wp\/v2\/posts\/50254\/revisions\/50256"}],"wp:featuredmedia":[{"embeddable":true,"href":"https:\/\/zonaroja.com.mx\/index.php?rest_route=\/wp\/v2\/media\/50255"}],"wp:attachment":[{"href":"https:\/\/zonaroja.com.mx\/index.php?rest_route=%2Fwp%2Fv2%2Fmedia&parent=50254"}],"wp:term":[{"taxonomy":"category","embeddable":true,"href":"https:\/\/zonaroja.com.mx\/index.php?rest_route=%2Fwp%2Fv2%2Fcategories&post=50254"},{"taxonomy":"post_tag","embeddable":true,"href":"https:\/\/zonaroja.com.mx\/index.php?rest_route=%2Fwp%2Fv2%2Ftags&post=50254"}],"curies":[{"name":"wp","href":"https:\/\/api.w.org\/{rel}","templated":true}]}}