{"id":50258,"date":"2023-01-09T20:32:08","date_gmt":"2023-01-10T02:32:08","guid":{"rendered":"http:\/\/www.zonaroja.com.mx\/?p=50258"},"modified":"2023-01-10T16:05:55","modified_gmt":"2023-01-10T22:05:55","slug":"presidente-de-la-jucopo-se-suma-a-jornada-de-tequio-bienestar","status":"publish","type":"post","link":"https:\/\/zonaroja.com.mx\/?p=50258","title":{"rendered":"Presidente de la Jucopo se suma a jornada de Tequio Bienestar"},"content":{"rendered":"\n<p>Redacci\u00f3n\/Zona Roja.<\/p>\n\n\n\n<p>Oaxaca de Ju\u00e1rez, Oax., a 9 de enero de 2023.- &nbsp;El presidente de la Junta de Coordinaci\u00f3n Pol\u00edtica (Jucopo), Luis Alfonso Silva Romo, particip\u00f3, en el primer Tequio Bienestar, realizado sobre la avenida Eduardo Mata, una de las principales v\u00edas de la capital de Oaxaca.&nbsp;<\/p>\n\n\n\n<p>Encabezado por el Gobernador del Estado, Salom\u00f3n Jara Cruz y la secretaria de Bienestar, Tequio e Inclusi\u00f3n, Laura Estrada Mauro, se llev\u00f3 a cabo la pinta de paredes, limpieza de calles y siembra de \u00e1rboles en los camellones, se realiz\u00f3 el mejoramiento urbano a esta v\u00eda de tr\u00e1nsito como actividad de la Secretar\u00eda.<\/p>\n\n\n\n<p>Por su parte, el presidente de la Jucopo, reconoci\u00f3 la gran labor del gobierno de la Cuarta Transformaci\u00f3n, encabezado por el ingeniero Salom\u00f3n Jara Cruz, para mejorar las condiciones de la ciudad y as\u00ed darle la imagen digna que merece el estado.<\/p>\n\n\n\n<p>\u00abCuando se une la gente, cuando trabajamos en conjunto, se logran grandes cambios, es importante que el tequio se mantenga como una de las tradiciones m\u00e1s importantes del estado\u00bb, expres\u00f3 el tambi\u00e9n coordinador del grupo parlamentario de Morena.&nbsp;<\/p>\n\n\n\n<p>En este primer tequio tambi\u00e9n participaron el secretario de Administraci\u00f3n, Antonino Morales Toledo, el titular de la Secretar\u00eda de Fomento Agroalimentario y Desarrollo Rural, V\u00edctor L\u00f3pez Leyva, integrantes de la Polic\u00eda Auxiliaron Bancaria, Industrial y Comercial, as\u00ed como vecinos de colonias aleda\u00f1as a esta importante v\u00eda.<\/p>\n\n\n\n<figure class=\"wp-block-embed is-type-rich is-provider-twitter wp-block-embed-twitter\"><div class=\"wp-block-embed__wrapper\">\n<div class=\"twitter-tweet\"><blockquote class=\"twitter-tweet\" data-lang=\"es\"><p lang=\"es\" dir=\"ltr\">Un gusto acompa\u00f1ar al Gobernador, el Ing. Salom\u00f3n Jara Cruz y a la doctora Laura Estrada Mauro, Secretaria de Bienestar, Tequio e Inclusi\u00f3n, al Primer Gran Tequio Bienestar. <a href=\"https:\/\/twitter.com\/salomonj?ref_src=twsrc%5Etfw\">@salomonj<\/a> <a href=\"https:\/\/twitter.com\/LauraEstradaMau?ref_src=twsrc%5Etfw\">@LauraEstradaMau<\/a> <a href=\"https:\/\/twitter.com\/GobOax?ref_src=twsrc%5Etfw\">@GobOax<\/a> <a href=\"https:\/\/t.co\/nYiE32nbzt\">pic.twitter.com\/nYiE32nbzt<\/a><\/p>&mdash; Luis Alfonso Silva Romo (@LUISALFONSOSR) <a href=\"https:\/\/twitter.com\/LUISALFONSOSR\/status\/1612130998900121601?ref_src=twsrc%5Etfw\">8 de enero de 2023<\/a><\/blockquote><\/div>\n<\/div><\/figure>\n","protected":false},"excerpt":{"rendered":"<p>Redacci\u00f3n\/Zona Roja. Oaxaca de Ju\u00e1rez, Oax., a 9 de enero de 2023.- &nbsp;El presidente de&hellip;<\/p>\n","protected":false},"author":2,"featured_media":50294,"comment_status":"closed","ping_status":"open","sticky":false,"template":"","format":"standard","meta":{"_lmt_disableupdate":"","_lmt_disable":"","_jetpack_memberships_contains_paid_content":false,"footnotes":""},"categories":[109,46],"tags":[2721],"class_list":["post-50258","post","type-post","status-publish","format-standard","has-post-thumbnail","hentry","category-minuto-a-minuto","category-zona-blanca","tag-luis-alfonso-silva-romo"],"jetpack_featured_media_url":"https:\/\/zonaroja.com.mx\/wp-content\/uploads\/2023\/01\/Luis-Alfonso-Silva-tequio.jpg","jetpack_sharing_enabled":true,"_links":{"self":[{"href":"https:\/\/zonaroja.com.mx\/index.php?rest_route=\/wp\/v2\/posts\/50258","targetHints":{"allow":["GET"]}}],"collection":[{"href":"https:\/\/zonaroja.com.mx\/index.php?rest_route=\/wp\/v2\/posts"}],"about":[{"href":"https:\/\/zonaroja.com.mx\/index.php?rest_route=\/wp\/v2\/types\/post"}],"author":[{"embeddable":true,"href":"https:\/\/zonaroja.com.mx\/index.php?rest_route=\/wp\/v2\/users\/2"}],"replies":[{"embeddable":true,"href":"https:\/\/zonaroja.com.mx\/index.php?rest_route=%2Fwp%2Fv2%2Fcomments&post=50258"}],"version-history":[{"count":3,"href":"https:\/\/zonaroja.com.mx\/index.php?rest_route=\/wp\/v2\/posts\/50258\/revisions"}],"predecessor-version":[{"id":50262,"href":"https:\/\/zonaroja.com.mx\/index.php?rest_route=\/wp\/v2\/posts\/50258\/revisions\/50262"}],"wp:featuredmedia":[{"embeddable":true,"href":"https:\/\/zonaroja.com.mx\/index.php?rest_route=\/wp\/v2\/media\/50294"}],"wp:attachment":[{"href":"https:\/\/zonaroja.com.mx\/index.php?rest_route=%2Fwp%2Fv2%2Fmedia&parent=50258"}],"wp:term":[{"taxonomy":"category","embeddable":true,"href":"https:\/\/zonaroja.com.mx\/index.php?rest_route=%2Fwp%2Fv2%2Fcategories&post=50258"},{"taxonomy":"post_tag","embeddable":true,"href":"https:\/\/zonaroja.com.mx\/index.php?rest_route=%2Fwp%2Fv2%2Ftags&post=50258"}],"curies":[{"name":"wp","href":"https:\/\/api.w.org\/{rel}","templated":true}]}}