{"id":5026,"date":"2019-10-22T08:36:23","date_gmt":"2019-10-22T13:36:23","guid":{"rendered":"http:\/\/www.zonaroja.com.mx\/?p=5026"},"modified":"2019-10-22T08:36:27","modified_gmt":"2019-10-22T13:36:27","slug":"a-salvo-seis-estudiantes-de-la-uabjo-en-chile","status":"publish","type":"post","link":"https:\/\/zonaroja.com.mx\/?p=5026","title":{"rendered":"A salvo, seis estudiantes de la UABJO en Chile"},"content":{"rendered":"\n<p>Redacci\u00f3n\/Zona Roja.<\/p>\n\n\n\n<p>Oaxaca de Ju\u00e1rez, Oax., 22 de octubre\nde 2019.- Seis j\u00f3venes de la Universidad Aut\u00f3noma \u201cBenito Ju\u00e1rez\u201d de Oaxaca que\nestudian en Chile se encuentran a salvo, inform\u00f3 la rector\u00eda de la instituci\u00f3n.<\/p>\n\n\n\n<p>En un comunicado, indic\u00f3 que tras\nconocerse los hechos violentos en esa naci\u00f3n andina, la rector\u00eda instruy\u00f3 de\ninmediato a la Direcci\u00f3n de Movilidad Acad\u00e9mica establecer comunicaci\u00f3n con la\nEmbajada de M\u00e9xico en Chile.<\/p>\n\n\n\n<p>Lo anterior, \u201cpara coordinar las\nacciones pertinentes, brindar el apoyo necesario y salvaguardar la integridad\nde nuestros seis estudiantes, que se encuentran realizando una movilidad\nacad\u00e9mica semestral en las ciudades de Temuco y Santiago de Chile\u201d.<\/p>\n\n\n\n<p>Indic\u00f3 que los estudiantes se\nencuentran bien y cuentan con la informaci\u00f3n y herramientas para que en caso de\nser necesario, la Embajada les brinde la atenci\u00f3n en forma inmediata.<\/p>\n\n\n\n<p>\u201cComo instituci\u00f3n p\u00fablica comprometida con\nla educaci\u00f3n y el bienestar de nuestros estudiantes, les brindamos siempre el\nseguimiento y apoyo, puesto que son ellos nuestra raz\u00f3n de ser\u201d.<\/p>\n\n\n\n<p>En Chile se desat\u00f2 al inicio de esta\nsemana una ola de protestas antigubernamentales, que han dejado como saldo\npreliminar, al menos 11 personas fallecidas. El gobierno de ese pa\u00eds instaur\u00f3\nel toque de queda.<\/p>\n","protected":false},"excerpt":{"rendered":"<p>Redacci\u00f3n\/Zona Roja. Oaxaca de Ju\u00e1rez, Oax., 22 de octubre de 2019.- Seis j\u00f3venes de la&hellip;<\/p>\n","protected":false},"author":2,"featured_media":5027,"comment_status":"closed","ping_status":"open","sticky":false,"template":"","format":"standard","meta":{"_lmt_disableupdate":"","_lmt_disable":"","_jetpack_memberships_contains_paid_content":false,"footnotes":""},"categories":[109,46],"tags":[900,282],"class_list":["post-5026","post","type-post","status-publish","format-standard","has-post-thumbnail","hentry","category-minuto-a-minuto","category-zona-blanca","tag-chile","tag-universidad-autonoma-benito-juarez-de-oaxaca"],"jetpack_featured_media_url":"https:\/\/zonaroja.com.mx\/wp-content\/uploads\/2019\/10\/Image-1-33-1.png","jetpack_sharing_enabled":true,"_links":{"self":[{"href":"https:\/\/zonaroja.com.mx\/index.php?rest_route=\/wp\/v2\/posts\/5026","targetHints":{"allow":["GET"]}}],"collection":[{"href":"https:\/\/zonaroja.com.mx\/index.php?rest_route=\/wp\/v2\/posts"}],"about":[{"href":"https:\/\/zonaroja.com.mx\/index.php?rest_route=\/wp\/v2\/types\/post"}],"author":[{"embeddable":true,"href":"https:\/\/zonaroja.com.mx\/index.php?rest_route=\/wp\/v2\/users\/2"}],"replies":[{"embeddable":true,"href":"https:\/\/zonaroja.com.mx\/index.php?rest_route=%2Fwp%2Fv2%2Fcomments&post=5026"}],"version-history":[{"count":1,"href":"https:\/\/zonaroja.com.mx\/index.php?rest_route=\/wp\/v2\/posts\/5026\/revisions"}],"predecessor-version":[{"id":5028,"href":"https:\/\/zonaroja.com.mx\/index.php?rest_route=\/wp\/v2\/posts\/5026\/revisions\/5028"}],"wp:featuredmedia":[{"embeddable":true,"href":"https:\/\/zonaroja.com.mx\/index.php?rest_route=\/wp\/v2\/media\/5027"}],"wp:attachment":[{"href":"https:\/\/zonaroja.com.mx\/index.php?rest_route=%2Fwp%2Fv2%2Fmedia&parent=5026"}],"wp:term":[{"taxonomy":"category","embeddable":true,"href":"https:\/\/zonaroja.com.mx\/index.php?rest_route=%2Fwp%2Fv2%2Fcategories&post=5026"},{"taxonomy":"post_tag","embeddable":true,"href":"https:\/\/zonaroja.com.mx\/index.php?rest_route=%2Fwp%2Fv2%2Ftags&post=5026"}],"curies":[{"name":"wp","href":"https:\/\/api.w.org\/{rel}","templated":true}]}}