{"id":50263,"date":"2023-01-09T22:31:27","date_gmt":"2023-01-10T04:31:27","guid":{"rendered":"http:\/\/www.zonaroja.com.mx\/?p=50263"},"modified":"2023-01-09T22:31:29","modified_gmt":"2023-01-10T04:31:29","slug":"salina-cruz-se-sume-en-la-inseguridad-un-asesinado-y-un-agredido","status":"publish","type":"post","link":"https:\/\/zonaroja.com.mx\/?p=50263","title":{"rendered":"Salina Cruz se sume en la inseguridad; un asesinado y un agredido"},"content":{"rendered":"\n<p>Ismael Garc\u00eda M.\/Zona Roja.<\/p>\n\n\n\n<p>Oaxaca de Ju\u00e1rez, Oax., a 9 de enero de 2023.- Por cuarto d\u00eda cosecutivo, la regi\u00f3n del Istmo de Tehuantepec registr\u00f3 un crimen.<\/p>\n\n\n\n<p>Ahora correspondi\u00f3 al municipio de Salina Cruz, donde fue hallado el cuerpo sin vida de una persona del sexo masculino, con huellas de violencia.<\/p>\n\n\n\n<p>El hallazgo ocurri\u00f3 en el camino local a la comunidad de Playa Brasil, donde se hall\u00f3 el cad\u00e1ver, de un hombre de aproximadamente 35 a\u00f1os de edad y que hasta esta noche no ha sido identificado.<\/p>\n\n\n\n<p>Personal de la Vicefiscal\u00eda Regional del Istmo inici\u00f3 las investigaciones correspondientes y al momento no hay sospechosos de este crimen.<\/p>\n\n\n\n<p>Horas m\u00e1s tarde, a falta de polic\u00edas municipales, en pleno centro de Salina Cruz un hombre atac\u00f3 a otro individuo con una navaja, en el parque Independencia.<\/p>\n\n\n\n<p>De la presunta ri\u00f1a no se ha reportado persona detenida, mientras que el herido fue trasladado a un hospital.<\/p>\n","protected":false},"excerpt":{"rendered":"<p>Ismael Garc\u00eda M.\/Zona Roja. Oaxaca de Ju\u00e1rez, Oax., a 9 de enero de 2023.- Por&hellip;<\/p>\n","protected":false},"author":2,"featured_media":50264,"comment_status":"closed","ping_status":"open","sticky":false,"template":"","format":"standard","meta":{"_lmt_disableupdate":"","_lmt_disable":"","_jetpack_memberships_contains_paid_content":false,"footnotes":""},"categories":[109,51],"tags":[168],"class_list":["post-50263","post","type-post","status-publish","format-standard","has-post-thumbnail","hentry","category-minuto-a-minuto","category-zona-roja","tag-salina-cruz"],"jetpack_featured_media_url":"https:\/\/zonaroja.com.mx\/wp-content\/uploads\/2023\/01\/Asesinado-Salina-Cruz.jpg","jetpack_sharing_enabled":true,"_links":{"self":[{"href":"https:\/\/zonaroja.com.mx\/index.php?rest_route=\/wp\/v2\/posts\/50263","targetHints":{"allow":["GET"]}}],"collection":[{"href":"https:\/\/zonaroja.com.mx\/index.php?rest_route=\/wp\/v2\/posts"}],"about":[{"href":"https:\/\/zonaroja.com.mx\/index.php?rest_route=\/wp\/v2\/types\/post"}],"author":[{"embeddable":true,"href":"https:\/\/zonaroja.com.mx\/index.php?rest_route=\/wp\/v2\/users\/2"}],"replies":[{"embeddable":true,"href":"https:\/\/zonaroja.com.mx\/index.php?rest_route=%2Fwp%2Fv2%2Fcomments&post=50263"}],"version-history":[{"count":1,"href":"https:\/\/zonaroja.com.mx\/index.php?rest_route=\/wp\/v2\/posts\/50263\/revisions"}],"predecessor-version":[{"id":50265,"href":"https:\/\/zonaroja.com.mx\/index.php?rest_route=\/wp\/v2\/posts\/50263\/revisions\/50265"}],"wp:featuredmedia":[{"embeddable":true,"href":"https:\/\/zonaroja.com.mx\/index.php?rest_route=\/wp\/v2\/media\/50264"}],"wp:attachment":[{"href":"https:\/\/zonaroja.com.mx\/index.php?rest_route=%2Fwp%2Fv2%2Fmedia&parent=50263"}],"wp:term":[{"taxonomy":"category","embeddable":true,"href":"https:\/\/zonaroja.com.mx\/index.php?rest_route=%2Fwp%2Fv2%2Fcategories&post=50263"},{"taxonomy":"post_tag","embeddable":true,"href":"https:\/\/zonaroja.com.mx\/index.php?rest_route=%2Fwp%2Fv2%2Ftags&post=50263"}],"curies":[{"name":"wp","href":"https:\/\/api.w.org\/{rel}","templated":true}]}}