{"id":50266,"date":"2023-01-11T13:23:00","date_gmt":"2023-01-11T19:23:00","guid":{"rendered":"http:\/\/www.zonaroja.com.mx\/?p=50266"},"modified":"2023-01-10T06:28:50","modified_gmt":"2023-01-10T12:28:50","slug":"opinion-sheinbaum-sobre-mentiras-y-cadaveres","status":"publish","type":"post","link":"https:\/\/zonaroja.com.mx\/?p=50266","title":{"rendered":"Opini\u00f3n. Sheinbaum, sobre mentiras y cad\u00e1veres"},"content":{"rendered":"\n<p>Gibr\u00e1n Ram\u00edrez Reyes*<\/p>\n\n\n\n<p>El peor legado que dejar\u00e1 el obradorismo a mi generaci\u00f3n es el ejemplo de enrevesamiento moral. Hoy, si le meten dos tiros al autom\u00f3vil de Ciro G\u00f3mez Leyva, la v\u00edctima es el presidente y el proceso de dizque transformaci\u00f3n. \u201cAutoatentado\u201d, exclamar\u00e1n las redes automatizadas de la presidencia. \u201cLe beneficia a Ciro\u201d, \u201cle perjudica al presidente\u201d, dir\u00e1 L\u00f3pez Obrador.<\/p>\n\n\n\n<p>Si en la grilla sucesoria de la Corte se devela una carrera judicial fundada en la usurpaci\u00f3n de una profesi\u00f3n \u2014un delito\u2014, la afectada ser\u00e1 la \u201cpobre abogada Yasm\u00edn\u201d, tan transformadora ella, y los paleros dir\u00e1n que hubo una \u201calteraci\u00f3n digital\u201d de la tesis en cuesti\u00f3n, o que el plagio fue, en realidad, obra de quien present\u00f3 primero la tesis (y para esto contar\u00e1n incluso con el aval de la Fiscal\u00eda m\u00e1s r\u00e1pida del mundo, la encabezada por Ernestina Godoy, aunque luego se desdiga).\u00a0<\/p>\n\n\n\n<p>Si en el choque de dos trenes pierde la vida una persona, varias de ellas ven rotos sus cuerpos, y salen heridas sesenta, las redes digitales al servicio de la presidencia acusar\u00e1n sabotaje, los gobernadores se solidarizar\u00e1n con la precandidata, se\u00f1alar\u00e1n al sindicato del metro e inaugurar\u00e1n cualquier artilugio ret\u00f3rico que desplace la responsabilidad al pasado para rehuir el principal valor del gobierno: la responsabilidad pol\u00edtica.&nbsp;<\/p>\n\n\n\n<p>Sin respeto por las muertes ni por los cad\u00e1veres, haciendo de cuenta que la pol\u00edtica electoral lo es todo, que se juegan en cada acto la utop\u00eda, se eludir\u00e1 el hecho irrefutable de que, de 5 accidentes mayores en 54 a\u00f1os en el metro, 3 han tenido lugar en la administraci\u00f3n de Sheinbaum.<\/p>\n\n\n\n<p>No es dif\u00edcil establecer la causa de la tragedia, ni hace falta contratar a una empresa como DNV: el Metro acusa los costos de la austeridad a secas, la t\u00edpica austeridad del neoliberalismo.&nbsp;<\/p>\n\n\n\n<p>En esta administraci\u00f3n se ha reducido el presupuesto para el Metro y, principalmente, para mantenimiento, porque el mantenimiento no da relumbr\u00f3n. El dinero hace falta para otras cosas: cablebuses, trolebuses elevados, renovaciones de l\u00edneas, cosas que puedan inaugurarse, porque inaugurar sirve mucho para hacer campa\u00f1a electoral \u2013la actividad favorita de Sheinbaum, que eso hac\u00eda en Morelia, dando lecciones de su supuesto buen gobierno, cuando la tragedia acaeci\u00f3\u2014, en tanto que el mantenimiento puede esperar.&nbsp;<\/p>\n\n\n\n<p>Los diarios registran que el dirigente del sindicato explic\u00f3 a los diputados de la Ciudad que hac\u00edan falta m\u00e1s de tres mil millones para el mantenimiento urgente del metro. Los voceros del gobierno, por lo bajo, se\u00f1alaron al sindicato de no buscar el bien del sistema, sino s\u00f3lo sus negocios.<\/p>\n\n\n\n<p>La estrategia que se le ocurri\u00f3 a alg\u00fan genio no fue hacer pol\u00edtica sindical, sino ahorcar el presupuesto de mantenimiento. Se supon\u00eda que \u201causteridad republicana\u201d implicaba otra cosa: cortar gastos arriba para hacerlos abajo \u2013y de ah\u00ed la necesidad del apellido\u2014.&nbsp;<\/p>\n\n\n\n<p>El actual gobierno de la Ciudad de M\u00e9xico, al pie de la letra del manual neoliberal, ha decidido ahorrar a como d\u00e9 lugar y culpar del mal funcionamiento del sistema al sindicato.&nbsp;<\/p>\n\n\n\n<p>Claudia Sheinbaum ense\u00f1a hoy a una generaci\u00f3n de aspirantes a pol\u00edticos que, desde el deshonor, hay que doblar siempre la apuesta; que hay que estar dispuesto a caminar sobre cad\u00e1veres y mentiras, mientras se sonr\u00ede, se voltea a ambos lados, se saluda, y se posa para la selfi, todo, m\u00e1s all\u00e1 de las sonrisas impostadas, sin hacer mayores gestos.<\/p>\n\n\n\n<p>*Doctor en Ciencia Pol\u00edtica por la UNAM.<\/p>\n\n\n\n<p>@GibranRR<\/p>\n","protected":false},"excerpt":{"rendered":"<p>Gibr\u00e1n Ram\u00edrez Reyes* El peor legado que dejar\u00e1 el obradorismo a mi generaci\u00f3n es el&hellip;<\/p>\n","protected":false},"author":2,"featured_media":41734,"comment_status":"closed","ping_status":"open","sticky":false,"template":"","format":"standard","meta":{"_lmt_disableupdate":"","_lmt_disable":"","_jetpack_memberships_contains_paid_content":false,"footnotes":""},"categories":[456,109],"tags":[2489],"class_list":["post-50266","post","type-post","status-publish","format-standard","has-post-thumbnail","hentry","category-columna","category-minuto-a-minuto","tag-gibran-ramirez-reyes"],"jetpack_featured_media_url":"https:\/\/zonaroja.com.mx\/wp-content\/uploads\/2022\/05\/Opinion-Gibran-Ramirez-Reyes.jpg","jetpack_sharing_enabled":true,"_links":{"self":[{"href":"https:\/\/zonaroja.com.mx\/index.php?rest_route=\/wp\/v2\/posts\/50266","targetHints":{"allow":["GET"]}}],"collection":[{"href":"https:\/\/zonaroja.com.mx\/index.php?rest_route=\/wp\/v2\/posts"}],"about":[{"href":"https:\/\/zonaroja.com.mx\/index.php?rest_route=\/wp\/v2\/types\/post"}],"author":[{"embeddable":true,"href":"https:\/\/zonaroja.com.mx\/index.php?rest_route=\/wp\/v2\/users\/2"}],"replies":[{"embeddable":true,"href":"https:\/\/zonaroja.com.mx\/index.php?rest_route=%2Fwp%2Fv2%2Fcomments&post=50266"}],"version-history":[{"count":1,"href":"https:\/\/zonaroja.com.mx\/index.php?rest_route=\/wp\/v2\/posts\/50266\/revisions"}],"predecessor-version":[{"id":50267,"href":"https:\/\/zonaroja.com.mx\/index.php?rest_route=\/wp\/v2\/posts\/50266\/revisions\/50267"}],"wp:featuredmedia":[{"embeddable":true,"href":"https:\/\/zonaroja.com.mx\/index.php?rest_route=\/wp\/v2\/media\/41734"}],"wp:attachment":[{"href":"https:\/\/zonaroja.com.mx\/index.php?rest_route=%2Fwp%2Fv2%2Fmedia&parent=50266"}],"wp:term":[{"taxonomy":"category","embeddable":true,"href":"https:\/\/zonaroja.com.mx\/index.php?rest_route=%2Fwp%2Fv2%2Fcategories&post=50266"},{"taxonomy":"post_tag","embeddable":true,"href":"https:\/\/zonaroja.com.mx\/index.php?rest_route=%2Fwp%2Fv2%2Ftags&post=50266"}],"curies":[{"name":"wp","href":"https:\/\/api.w.org\/{rel}","templated":true}]}}