{"id":50268,"date":"2023-01-10T08:59:00","date_gmt":"2023-01-10T14:59:00","guid":{"rendered":"http:\/\/www.zonaroja.com.mx\/?p=50268"},"modified":"2023-01-10T07:00:14","modified_gmt":"2023-01-10T13:00:14","slug":"prioriza-biden-combate-al-fentanilo-amlo-urge-reintegracion-de-al","status":"publish","type":"post","link":"https:\/\/zonaroja.com.mx\/?p=50268","title":{"rendered":"Prioriza Biden combate al fentanilo; AMLO urge reintegraci\u00f3n de AL"},"content":{"rendered":"\n<p>Redacci\u00f3n\/Zona Roja Cdmx.<\/p>\n\n\n\n<p>Ciudad de M\u00e9xico, a 10 de enero de 2023.- Joe Biden, presidente de Estados Unidos, y&nbsp;Andr\u00e9s Manuel L\u00f3pez Obrador, presidente de M\u00e9xico, ayer iniciaron la primera reuni\u00f3n bilateral que forma parte de la&nbsp;Cumbre de L\u00edderes de Am\u00e9rica del Norte.<\/p>\n\n\n\n<p>En un breve discurso&nbsp;, el presidente de M\u00e9xico dijo que es el momento de terminar con el olvido hacia Am\u00e9rica Latina y reiter\u00f3 su propuesta respecto a la uni\u00f3n de todo el continente americano.<\/p>\n\n\n\n<p>\u201cSostengo que es el momento de terminar con ese olvido, ese abandono, ese desd\u00e9n hacia Am\u00e9rica Latina y el Caribe, opuesto a la pol\u00edtica de la buena vecindad de ese tit\u00e1n de la libertad que fue el presidente Franklin Delano Roosevelt, y comenzar con usted, porque no habr\u00eda otro dirigente que pudiera llevar a cabo esta empresa, comenzar con usted una etapa nueva entre los pueblos y naciones del continente a partir del respeto y de la ayuda mutua\u201d, dijo L\u00f3pez Obrador.<\/p>\n\n\n\n<p>El mandatario mexicano reconoci\u00f3 que su propuesta es&nbsp;compleja y&nbsp; pol\u00e9mica pero que es el mejor camino.<\/p>\n\n\n\n<p>L\u00f3pez Obrador asegur\u00f3 que es el&nbsp;momento de terminar con el olvido y abandono en el que se encuentra Am\u00e9rica Latina y el Caribe, pues se opone a la pol\u00edtica de la buena vecindad.<\/p>\n\n\n\n<p>Finalmente, el presidente de M\u00e9xico reiter\u00f3 que ambos pa\u00edses son hermanos y le dio la bienvenida a su hom\u00f3logo.<\/p>\n\n\n\n<p>En respuesta, Biden asegur\u00f3 que cuando ambos pa\u00edses trabajan en conjunto&nbsp;\u201cno hay nada que no podamos hacer\u201d. Sin embargo reiter\u00f3 que se deben enfocar en m\u00faltiples regiones para trabajar.<\/p>\n\n\n\n<p>\u201cOjal\u00e1 pudi\u00e9ramos enfocarnos en una sola regi\u00f3n, pero nos enfocamos en m\u00faltiples regiones y en eso tenemos que trabajar, gracias por recibirnos\u201d.<\/p>\n\n\n\n<p>En la reuni\u00f3n, el mandatario estadounidense resalt\u00f3 los temas que abordaran durante su reuni\u00f3n, entre los que destacan el combate al narcotr\u00e1fico, especialmente el tema del fentanilo y la migraci\u00f3n irregular.<\/p>\n\n\n\n<p>LA BIENVENIDA<\/p>\n\n\n\n<p>Previo a la reuni\u00f3n de ambos mandatarios, Jill Biden, esposa de Joe Biden, as\u00ed como Beatriz Guti\u00e9rrez M\u00fcller, fueron las encargadas de dar un mensaje sobre solidaridad, hermandad y respeto a los derechos humanos y libertad de expresi\u00f3n.<\/p>\n\n\n\n<p>\u201cCreemos que la libertad de fe, de expresi\u00f3n y de prensa son la base de la democracia, y que la voz del pueblo es poderosa. Por estas razones nos mantenemos cerca de la m\u00e1s alta \u00e9tica que nos gu\u00eda, el respeto a la ley y las costumbres y tradiciones de los pueblos de hoy, as\u00ed como de los pueblos ancestrales y originarios\u201d, dijo Guti\u00e9rrez M\u00faller.<\/p>\n\n\n\n<p>Tras el mensaje, los mandatarios&nbsp; y sus equipos se reunieron en uno de los salones de Palacio Nacional y comenzar su reuni\u00f3n, donde minutos m\u00e1s tarde se les uni\u00f3 el primer ministro de Canad\u00e1, Justin Trudeau.<\/p>\n\n\n\n<p>(Informaci\u00f3n de \u201cAnimal Pol\u00edtico\u201d)<\/p>\n","protected":false},"excerpt":{"rendered":"<p>Redacci\u00f3n\/Zona Roja Cdmx. Ciudad de M\u00e9xico, a 10 de enero de 2023.- Joe Biden, presidente&hellip;<\/p>\n","protected":false},"author":2,"featured_media":50271,"comment_status":"closed","ping_status":"open","sticky":false,"template":"","format":"standard","meta":{"_lmt_disableupdate":"","_lmt_disable":"","_jetpack_memberships_contains_paid_content":false,"footnotes":""},"categories":[109,46],"tags":[3382],"class_list":["post-50268","post","type-post","status-publish","format-standard","has-post-thumbnail","hentry","category-minuto-a-minuto","category-zona-blanca","tag-joe-biden-en-mexico"],"jetpack_featured_media_url":"https:\/\/zonaroja.com.mx\/wp-content\/uploads\/2023\/01\/Reunion-Obrador-y-Biden.jpg","jetpack_sharing_enabled":true,"_links":{"self":[{"href":"https:\/\/zonaroja.com.mx\/index.php?rest_route=\/wp\/v2\/posts\/50268","targetHints":{"allow":["GET"]}}],"collection":[{"href":"https:\/\/zonaroja.com.mx\/index.php?rest_route=\/wp\/v2\/posts"}],"about":[{"href":"https:\/\/zonaroja.com.mx\/index.php?rest_route=\/wp\/v2\/types\/post"}],"author":[{"embeddable":true,"href":"https:\/\/zonaroja.com.mx\/index.php?rest_route=\/wp\/v2\/users\/2"}],"replies":[{"embeddable":true,"href":"https:\/\/zonaroja.com.mx\/index.php?rest_route=%2Fwp%2Fv2%2Fcomments&post=50268"}],"version-history":[{"count":1,"href":"https:\/\/zonaroja.com.mx\/index.php?rest_route=\/wp\/v2\/posts\/50268\/revisions"}],"predecessor-version":[{"id":50272,"href":"https:\/\/zonaroja.com.mx\/index.php?rest_route=\/wp\/v2\/posts\/50268\/revisions\/50272"}],"wp:featuredmedia":[{"embeddable":true,"href":"https:\/\/zonaroja.com.mx\/index.php?rest_route=\/wp\/v2\/media\/50271"}],"wp:attachment":[{"href":"https:\/\/zonaroja.com.mx\/index.php?rest_route=%2Fwp%2Fv2%2Fmedia&parent=50268"}],"wp:term":[{"taxonomy":"category","embeddable":true,"href":"https:\/\/zonaroja.com.mx\/index.php?rest_route=%2Fwp%2Fv2%2Fcategories&post=50268"},{"taxonomy":"post_tag","embeddable":true,"href":"https:\/\/zonaroja.com.mx\/index.php?rest_route=%2Fwp%2Fv2%2Ftags&post=50268"}],"curies":[{"name":"wp","href":"https:\/\/api.w.org\/{rel}","templated":true}]}}