{"id":50275,"date":"2023-01-10T07:27:41","date_gmt":"2023-01-10T13:27:41","guid":{"rendered":"http:\/\/www.zonaroja.com.mx\/?p=50275"},"modified":"2023-01-10T07:46:08","modified_gmt":"2023-01-10T13:46:08","slug":"confronta-gobierno-de-neri-a-comerciantes-y-se-desata-trifulca","status":"publish","type":"post","link":"https:\/\/zonaroja.com.mx\/?p=50275","title":{"rendered":"Confronta gobierno de Neri a comerciantes y se desata trifulca"},"content":{"rendered":"\n<p>Ismael Garc\u00eda M.\/Zona Roja.<\/p>\n\n\n\n<p>Oaxaca de Ju\u00e1rez, Oax., a 10 de enero de 2023.- La violencia lleg\u00f3 al interior de la sede del gobierno municipal de Oaxaca de Ju\u00e1rez:&nbsp;<\/p>\n\n\n\n<p>La dirigente de hoteleros en la capital de Oaxaca, Alejandra Rivera, fue agredida por un grupo de choque en el interior del palacio municipal; tambi\u00e9n al menos cuatro reporteros fueron atacados presuntamente por personal del ayuntamiento.<\/p>\n\n\n\n<p>Ayer al mediod\u00eda, un grupo de supuestos propietarios de hoteles al sur de la ciudad lleg\u00f3 al palacio municipal, para denunciar que por declaraciones y exigencias de Alejandra Rivera, han cerrado al menos 10 centros de hospedaje.<\/p>\n\n\n\n<p>Por lo cual, encabezadas por Roc\u00edo Blas Rojas, demandaron un di\u00e1logo con las autoridades municipales que encabeza Francisco Mart\u00ednez Neri.&nbsp;<\/p>\n\n\n\n<p>Sin embargo, en la escalinata este grupo se encontr\u00f3 con la dirigente de hoteleros, a quien increparon y estuvieron a punto de golpear, al culparla de la crisis que, seg\u00fan ellos, atraviesan por el cierre de establecimientos. La mujer logr\u00f3 ponerse a salvo.<\/p>\n\n\n\n<p>Apenas conclu\u00eda ese conflicto, al menos cuatro reporteros, entre ellos Oth\u00f3n Garc\u00eda D\u00edaz y Armando Ch\u00e1vez, fueron agredidos por dos sujetos, uno de ellos encapuchado y cubierto el rostro.&nbsp;<\/p>\n\n\n\n<p>Tras ello reclamaron al responsable de la comunicaci\u00f3n social del ayuntamiento, Adri\u00e1n Garc\u00eda Enr\u00edquez, por permitir este tipo de hechos en el interior de la sede del gobierno municipal; \u00e9ste se limit\u00f3 a responder que valorar\u00eda la situaci\u00f3n.<\/p>\n\n\n\n<p>Los supuestos hoteleros afectados habr\u00edan sido llevados por autoridades municipales, en represalia por las declaraciones de la dirigente Alejandra Rivera y citaron a ese grupo justamente al momento en que ella se encontraba en el sitio.<\/p>\n\n\n\n<figure class=\"wp-block-embed is-type-rich is-provider-twitter wp-block-embed-twitter\"><div class=\"wp-block-embed__wrapper\">\n<div class=\"twitter-tweet\"><blockquote class=\"twitter-tweet\" data-lang=\"es\"><p lang=\"es\" dir=\"ltr\"><a href=\"https:\/\/twitter.com\/hashtag\/%C3%9AltimoMinuto?src=hash&amp;ref_src=twsrc%5Etfw\">#\u00daltimoMinuto<\/a><br>Sigue la violencia en contra de periodistas de <a href=\"https:\/\/twitter.com\/hashtag\/Oaxaca?src=hash&amp;ref_src=twsrc%5Etfw\">#Oaxaca<\/a>.<br>Este mediod\u00eda en la sede del <a href=\"https:\/\/twitter.com\/MunicipioOaxaca?ref_src=twsrc%5Etfw\">@MunicipioOaxaca<\/a> fueron agredidos varios reporteros, entre ellos Armando Ch\u00e1vez y Oth\u00f3n Garc\u00eda. <br>Presuntamente es personal del ayuntamiento.<a href=\"https:\/\/twitter.com\/CNDH?ref_src=twsrc%5Etfw\">@CNDH<\/a> <a href=\"https:\/\/twitter.com\/DDHPO?ref_src=twsrc%5Etfw\">@DDHPO<\/a> <a href=\"https:\/\/twitter.com\/SEGOB_mx?ref_src=twsrc%5Etfw\">@SEGOB_mx<\/a> <a href=\"https:\/\/twitter.com\/FISCALIA_GobOax?ref_src=twsrc%5Etfw\">@FISCALIA_GobOax<\/a> <a href=\"https:\/\/t.co\/TsnbdKg5xQ\">pic.twitter.com\/TsnbdKg5xQ<\/a><\/p>&mdash; Zona Roja Oaxaca (@ZonaRoja_Oaxaca) <a href=\"https:\/\/twitter.com\/ZonaRoja_Oaxaca\/status\/1612538751476965398?ref_src=twsrc%5Etfw\">9 de enero de 2023<\/a><\/blockquote><\/div>\n<\/div><\/figure>\n","protected":false},"excerpt":{"rendered":"<p>Ismael Garc\u00eda M.\/Zona Roja. Oaxaca de Ju\u00e1rez, Oax., a 10 de enero de 2023.- La&hellip;<\/p>\n","protected":false},"author":2,"featured_media":50269,"comment_status":"closed","ping_status":"open","sticky":false,"template":"","format":"standard","meta":{"_lmt_disableupdate":"","_lmt_disable":"","_jetpack_memberships_contains_paid_content":false,"footnotes":""},"categories":[109,47],"tags":[148],"class_list":["post-50275","post","type-post","status-publish","format-standard","has-post-thumbnail","hentry","category-minuto-a-minuto","category-zona-gris","tag-oaxaca-de-juarez"],"jetpack_featured_media_url":"https:\/\/zonaroja.com.mx\/wp-content\/uploads\/2023\/01\/Conflicto-hoteleros-palacio-municipal-ciudad-de-Oaxaca.jpg","jetpack_sharing_enabled":true,"_links":{"self":[{"href":"https:\/\/zonaroja.com.mx\/index.php?rest_route=\/wp\/v2\/posts\/50275","targetHints":{"allow":["GET"]}}],"collection":[{"href":"https:\/\/zonaroja.com.mx\/index.php?rest_route=\/wp\/v2\/posts"}],"about":[{"href":"https:\/\/zonaroja.com.mx\/index.php?rest_route=\/wp\/v2\/types\/post"}],"author":[{"embeddable":true,"href":"https:\/\/zonaroja.com.mx\/index.php?rest_route=\/wp\/v2\/users\/2"}],"replies":[{"embeddable":true,"href":"https:\/\/zonaroja.com.mx\/index.php?rest_route=%2Fwp%2Fv2%2Fcomments&post=50275"}],"version-history":[{"count":2,"href":"https:\/\/zonaroja.com.mx\/index.php?rest_route=\/wp\/v2\/posts\/50275\/revisions"}],"predecessor-version":[{"id":50281,"href":"https:\/\/zonaroja.com.mx\/index.php?rest_route=\/wp\/v2\/posts\/50275\/revisions\/50281"}],"wp:featuredmedia":[{"embeddable":true,"href":"https:\/\/zonaroja.com.mx\/index.php?rest_route=\/wp\/v2\/media\/50269"}],"wp:attachment":[{"href":"https:\/\/zonaroja.com.mx\/index.php?rest_route=%2Fwp%2Fv2%2Fmedia&parent=50275"}],"wp:term":[{"taxonomy":"category","embeddable":true,"href":"https:\/\/zonaroja.com.mx\/index.php?rest_route=%2Fwp%2Fv2%2Fcategories&post=50275"},{"taxonomy":"post_tag","embeddable":true,"href":"https:\/\/zonaroja.com.mx\/index.php?rest_route=%2Fwp%2Fv2%2Ftags&post=50275"}],"curies":[{"name":"wp","href":"https:\/\/api.w.org\/{rel}","templated":true}]}}