{"id":50287,"date":"2023-01-10T09:56:39","date_gmt":"2023-01-10T15:56:39","guid":{"rendered":"http:\/\/www.zonaroja.com.mx\/?p=50287"},"modified":"2023-01-10T09:56:42","modified_gmt":"2023-01-10T15:56:42","slug":"doblega-sindicato-a-edil-de-salina-cruz-y-le-impone-condiciones","status":"publish","type":"post","link":"https:\/\/zonaroja.com.mx\/?p=50287","title":{"rendered":"Doblega sindicato a edil de Salina Cruz y le impone condiciones"},"content":{"rendered":"\n<p>Redacci\u00f3n\/Zona Roja.<\/p>\n\n\n\n<p>Oaxaca de Ju\u00e1rez, Oax., a 10 de enero de 2023.- Tras una semana de bloqueos, incendio de instalaciones, paro de labores y acumulaci\u00f3n de basura a falta de servicios, el presidente municipal de Salina Cruz, Daniel M\u00e9ndez Sosa, termin\u00f3 aceptando las condiciones sindicales.<\/p>\n\n\n\n<p>Ayer reiniciaron las actividades municipales luego que el edil morenista firm\u00f3 un acuerdo con el Sindicato 03, mediante el cual acept\u00f3 otorgar permisos con goce de sueldo a cuatro representantes del gremio y la recontrataci\u00f3n del dirigente, Mario Tr\u00e1paga.<\/p>\n\n\n\n<p>En tanto, la agrupaci\u00f3n de trabajadores del ayuntamiento devolvi\u00f3 las instalaciones y veh\u00edculos en su poder.<\/p>\n\n\n\n<p>La problem\u00e1tica inici\u00f3 la semana pasada por las demandas plantadas por el Sindicato 03, a lo cual se opuso el presidente municipal e incluso amag\u00f3 con cesar de sus labores al dirigente sindical, lo cual agrav\u00f3 la situaci\u00f3n.<\/p>\n\n\n\n<p>Los alrededor de 500 sindicalizados encabezados por Mario Tr\u00e1paga emprendieron una serie de acciones y al final doblegaron al presidente Daniel M\u00e9ndez, quien fue llamado el pasado s\u00e1bado a la ciudad de Oaxaca.<\/p>\n\n\n\n<p>En la Secretar\u00eda de Gobierno, fue obligado a ceder a las pretensiones sindicales a fin de evitar m\u00e1s conflictos, pues el domingo el mandatario Salom\u00f3n Jara ten\u00eda planeada una gira por ese municipio, lo cual finalmente se realiz\u00f3 sin contratiempos.<\/p>\n","protected":false},"excerpt":{"rendered":"<p>Redacci\u00f3n\/Zona Roja. Oaxaca de Ju\u00e1rez, Oax., a 10 de enero de 2023.- Tras una semana&hellip;<\/p>\n","protected":false},"author":2,"featured_media":50288,"comment_status":"closed","ping_status":"open","sticky":false,"template":"","format":"standard","meta":{"_lmt_disableupdate":"","_lmt_disable":"","_jetpack_memberships_contains_paid_content":false,"footnotes":""},"categories":[109,47],"tags":[2738,168],"class_list":["post-50287","post","type-post","status-publish","format-standard","has-post-thumbnail","hentry","category-minuto-a-minuto","category-zona-gris","tag-daniel-mendez-sosa","tag-salina-cruz"],"jetpack_featured_media_url":"https:\/\/zonaroja.com.mx\/wp-content\/uploads\/2023\/01\/Paro-labores-Salina-Cruz.jpg","jetpack_sharing_enabled":true,"_links":{"self":[{"href":"https:\/\/zonaroja.com.mx\/index.php?rest_route=\/wp\/v2\/posts\/50287","targetHints":{"allow":["GET"]}}],"collection":[{"href":"https:\/\/zonaroja.com.mx\/index.php?rest_route=\/wp\/v2\/posts"}],"about":[{"href":"https:\/\/zonaroja.com.mx\/index.php?rest_route=\/wp\/v2\/types\/post"}],"author":[{"embeddable":true,"href":"https:\/\/zonaroja.com.mx\/index.php?rest_route=\/wp\/v2\/users\/2"}],"replies":[{"embeddable":true,"href":"https:\/\/zonaroja.com.mx\/index.php?rest_route=%2Fwp%2Fv2%2Fcomments&post=50287"}],"version-history":[{"count":1,"href":"https:\/\/zonaroja.com.mx\/index.php?rest_route=\/wp\/v2\/posts\/50287\/revisions"}],"predecessor-version":[{"id":50289,"href":"https:\/\/zonaroja.com.mx\/index.php?rest_route=\/wp\/v2\/posts\/50287\/revisions\/50289"}],"wp:featuredmedia":[{"embeddable":true,"href":"https:\/\/zonaroja.com.mx\/index.php?rest_route=\/wp\/v2\/media\/50288"}],"wp:attachment":[{"href":"https:\/\/zonaroja.com.mx\/index.php?rest_route=%2Fwp%2Fv2%2Fmedia&parent=50287"}],"wp:term":[{"taxonomy":"category","embeddable":true,"href":"https:\/\/zonaroja.com.mx\/index.php?rest_route=%2Fwp%2Fv2%2Fcategories&post=50287"},{"taxonomy":"post_tag","embeddable":true,"href":"https:\/\/zonaroja.com.mx\/index.php?rest_route=%2Fwp%2Fv2%2Ftags&post=50287"}],"curies":[{"name":"wp","href":"https:\/\/api.w.org\/{rel}","templated":true}]}}