{"id":50290,"date":"2023-01-10T15:56:28","date_gmt":"2023-01-10T21:56:28","guid":{"rendered":"http:\/\/www.zonaroja.com.mx\/?p=50290"},"modified":"2023-01-10T15:56:34","modified_gmt":"2023-01-10T21:56:34","slug":"olvidan-busqueda-de-dos-menores-desaparecidos-en-la-costa-asesinaron-a-sus-padres","status":"publish","type":"post","link":"https:\/\/zonaroja.com.mx\/?p=50290","title":{"rendered":"Olvidan b\u00fasqueda de dos menores desaparecidos en la Costa; asesinaron a sus padres"},"content":{"rendered":"\n<p>Yuridiana Sosa\/Zona Roja.<\/p>\n\n\n\n<p>Oaxaca de Ju\u00e1rez, Oax., 10 de enero de 2022.- Desde hace casi un mes, los menores de edad, Belinda Esther V\u00e1squez Aguilar, de 12 a\u00f1os de edad, y Jacob V\u00e1squez Gonz\u00e1lez, de cinco a\u00f1os de edad, siguen desaparecidos tras la masacre de su familia el pasado 17 de diciembre en San Pedro Atoyac, en la regi\u00f3n de la Costa.<\/p>\n\n\n\n<p>De acuerdo a la Unidad de B\u00fasqueda de Personas Desaparecidas y No Localizadas, de la Fiscal\u00eda de Oaxaca, los peque\u00f1os no han sido localizados y sus fichas siguen activas hasta este martes 10 de enero.<\/p>\n\n\n\n<p>Sin embargo, de acuerdo con los familiares, desde la semana pasada ya no se han realizado operativos de b\u00fasqueda por parte de instancias estatales y federales; tampoco les han informado si ya hallaron indicios de los cuerpos.<\/p>\n\n\n\n<p>Para dar con el paradero de Belinda y Jacabo la Fiscal\u00eda General de Oaxaca activ\u00f3 la Alerta \u00c1mber para cada caso y, seg\u00fan inform\u00f3 el Gobierno del Estado 24 horas despu\u00e9s de los hechos, la Secretar\u00eda de Seguridad y Protecci\u00f3n Ciudadana inici\u00f3 un operativo coordinado con fuerzas y autoridades de los tres niveles.<\/p>\n\n\n\n<p>Desde ese entonces, el Gobierno de Oaxaca no ha vuelto a informar sobre el caso de los menores de edad desaparecidos y quienes \u201cpueden ser v\u00edctimas de la comisi\u00f3n de un delito\u201d.<\/p>\n\n\n\n<p>Los menores fueron vistos por \u00faltima vez el 17 de diciembre en el paraje \u201cDonde truena el suelo\u201d, de la comunidad de Barrio Grande de San Pedro Atoyac, lugar donde fueron hallados los cuerpos de una mujer y una menor de edad, asesinados a balazos.<\/p>\n\n\n\n<p>Las v\u00edctimas, presuntamente madre y hermana de los menores desaparecidos, fueron identificadas como Margarita G.J de 45 a\u00f1os y Luz Magali de 17 a\u00f1os de edad. Mientras que el otro integrante de la familia, Gustavo de 21 a\u00f1os, fue localizado sin vida en el camino de terracer\u00eda que conecta a San Pedro Atoyac con la comunidad vecina de San Pedro Tulixtlahuaca del municipio de San Antonio Tepetlapa.<\/p>\n","protected":false},"excerpt":{"rendered":"<p>Yuridiana Sosa\/Zona Roja. Oaxaca de Ju\u00e1rez, Oax., 10 de enero de 2022.- Desde hace casi&hellip;<\/p>\n","protected":false},"author":2,"featured_media":49425,"comment_status":"closed","ping_status":"open","sticky":false,"template":"","format":"standard","meta":{"_lmt_disableupdate":"","_lmt_disable":"","_jetpack_memberships_contains_paid_content":false,"footnotes":""},"categories":[109,47],"tags":[3121],"class_list":["post-50290","post","type-post","status-publish","format-standard","has-post-thumbnail","hentry","category-minuto-a-minuto","category-zona-gris","tag-san-pedro-atoyac"],"jetpack_featured_media_url":"https:\/\/zonaroja.com.mx\/wp-content\/uploads\/2022\/12\/Menores-desaparecidos-San-Pedto-Atoyac-Costa-Oaxaca.jpg","jetpack_sharing_enabled":true,"_links":{"self":[{"href":"https:\/\/zonaroja.com.mx\/index.php?rest_route=\/wp\/v2\/posts\/50290","targetHints":{"allow":["GET"]}}],"collection":[{"href":"https:\/\/zonaroja.com.mx\/index.php?rest_route=\/wp\/v2\/posts"}],"about":[{"href":"https:\/\/zonaroja.com.mx\/index.php?rest_route=\/wp\/v2\/types\/post"}],"author":[{"embeddable":true,"href":"https:\/\/zonaroja.com.mx\/index.php?rest_route=\/wp\/v2\/users\/2"}],"replies":[{"embeddable":true,"href":"https:\/\/zonaroja.com.mx\/index.php?rest_route=%2Fwp%2Fv2%2Fcomments&post=50290"}],"version-history":[{"count":1,"href":"https:\/\/zonaroja.com.mx\/index.php?rest_route=\/wp\/v2\/posts\/50290\/revisions"}],"predecessor-version":[{"id":50296,"href":"https:\/\/zonaroja.com.mx\/index.php?rest_route=\/wp\/v2\/posts\/50290\/revisions\/50296"}],"wp:featuredmedia":[{"embeddable":true,"href":"https:\/\/zonaroja.com.mx\/index.php?rest_route=\/wp\/v2\/media\/49425"}],"wp:attachment":[{"href":"https:\/\/zonaroja.com.mx\/index.php?rest_route=%2Fwp%2Fv2%2Fmedia&parent=50290"}],"wp:term":[{"taxonomy":"category","embeddable":true,"href":"https:\/\/zonaroja.com.mx\/index.php?rest_route=%2Fwp%2Fv2%2Fcategories&post=50290"},{"taxonomy":"post_tag","embeddable":true,"href":"https:\/\/zonaroja.com.mx\/index.php?rest_route=%2Fwp%2Fv2%2Ftags&post=50290"}],"curies":[{"name":"wp","href":"https:\/\/api.w.org\/{rel}","templated":true}]}}