{"id":50297,"date":"2023-01-10T16:01:25","date_gmt":"2023-01-10T22:01:25","guid":{"rendered":"http:\/\/www.zonaroja.com.mx\/?p=50297"},"modified":"2023-01-10T16:01:31","modified_gmt":"2023-01-10T22:01:31","slug":"ficticia-interconexion-del-millonario-circuito-interior-de-murat-en-oaxaca","status":"publish","type":"post","link":"https:\/\/zonaroja.com.mx\/?p=50297","title":{"rendered":"Ficticia \u201cinterconexi\u00f3n\u201d del millonario Circuito Interior de Murat en Oaxaca"},"content":{"rendered":"\n<p>Yuridiana Sosa\/Zona Roja.<\/p>\n\n\n\n<p>Oaxaca de Ju\u00e1rez, Oax., 10 de enero de 2023.- Con fallas, inconclusa y sin cumplir con la finalidad del proyecto, result\u00f3 la millonaria obra del Circuito Interior para conectar con una v\u00eda de concreto hidr\u00e1ulico a la zona metropolitana y la capital.<\/p>\n\n\n\n<p>Dicha obra, inaugurada en el \u00faltimo d\u00eda del sexenio y vendida como entre las m\u00e1s grandes del gobierno de Alejandro Murat, con un monto de inversi\u00f3n de 518.77 millones de pesos, ni siquiera cubri\u00f3 con la pavimentaci\u00f3n de los tramos prometidos.<\/p>\n\n\n\n<p>Sin embargo, el titular de la Secretar\u00eda de las Infraestructuras y el Ordenamiento Territorial Sustentable del Estado, Javier Lazcano Vargas la present\u00f3 con el estatus de \u201cconcluida\u201d ante la 65 Legislatura del Congreso de Oaxaca, durante la glosa del sexto informe.<\/p>\n\n\n\n<p>DESTROZOS&nbsp;<\/p>\n\n\n\n<p>En un recorrido realizado, ZONA ROJA constat\u00f3 que entre la vialidad al crucero de la agencia de Trinidad de Viguera, de Oaxaca de Ju\u00e1rez, y el crucero de San Jacinto Amilpas.<\/p>\n\n\n\n<p>En ese tramo, contemplado en el proyecto del Circuito Interior como parte de los 28 kil\u00f3metros lineales (19 en cada margen), la obra es \u201cfantasma\u201d, pues sigue bajo las mismas condiciones el encarpetado asf\u00e1ltico.<\/p>\n\n\n\n<p>Mientras que, en inmediaciones de la Central de Abasto, cerca de la antigua f\u00e1brica de triplay, una de las zonas prioritarias de la obra, el pavimento se encuentra destrozado.&nbsp;<\/p>\n\n\n\n<p>La vialidad reci\u00e9n pavimentada, con menos de seis meses de antig\u00fcedad, aparenta un desastre ocasiona por un terremoto, que cuarte\u00f3 y hundi\u00f3 la calle.<\/p>\n\n\n\n<figure class=\"wp-block-embed is-type-rich is-provider-twitter wp-block-embed-twitter\"><div class=\"wp-block-embed__wrapper\">\n<div class=\"twitter-tweet\"><blockquote class=\"twitter-tweet\" data-lang=\"es\"><p lang=\"es\" dir=\"ltr\">Se sigue cayendo a pedazos -literalmente- pavimentaci\u00f3n del Circuito Interior, en inmediaciones de la Central de Abasto de la ciudad de Oaxaca, obra de <a href=\"https:\/\/twitter.com\/SINFRA_GobOax?ref_src=twsrc%5Etfw\">@SINFRA_GobOax<\/a> que ya hab\u00eda inaugurado <a href=\"https:\/\/twitter.com\/alejandromurat?ref_src=twsrc%5Etfw\">@alejandromurat<\/a>.<br>Y no hay se\u00f1alados o investigados por este fraude de m\u00e1s de 500 mdp. <a href=\"https:\/\/t.co\/9N9yOfkFVn\">pic.twitter.com\/9N9yOfkFVn<\/a><\/p>&mdash; Zona Roja Oaxaca (@ZonaRoja_Oaxaca) <a href=\"https:\/\/twitter.com\/ZonaRoja_Oaxaca\/status\/1612917270203736090?ref_src=twsrc%5Etfw\">10 de enero de 2023<\/a><\/blockquote><\/div>\n<\/div><\/figure>\n\n\n\n<p>Los ciudadanos, trabajadores en la zona que atestiguaron la obra, lamentan el hecho, pues el dinero p\u00fablico parece ser mal invertido. Por lo que esperan que el actual gobierno ahora s\u00ed haga bien su trabajo.<\/p>\n\n\n\n<p>Desde d\u00edas antes de la inauguraci\u00f3n, tambi\u00e9n se denunciaron obras mal hechas y cuarteadas, sobre las riberas del \u201cAtoyac\u201d pero a la altura de la colonia Alem\u00e1n, tramo que desde esa fecha est\u00e1 cerrado.<\/p>\n\n\n\n<p>Para la construcci\u00f3n total de esa obra se invirti\u00f3 el 40 por ciento del recurso destinado para el ejercicio 2022 a la infraestructura vial del estado, con un total de mil 303.61 millones de pesos, de acuerdo con datos de Sinfra.<\/p>\n\n\n\n<p>FICCI\u00d3N&nbsp;<\/p>\n\n\n\n<p>La promesa del gobierno de Alejandro Murat fue crear una \u201cmejora en la interconexi\u00f3n y comunicaci\u00f3n vial\u201d entre de Oaxaca de Ju\u00e1rez, con el pol\u00edgono la Central de Abasto, as\u00ed como para San Jacinto Amilpas, Santa Cruz Xoxocotl\u00e1n, San Pablo Etla y San Lorenzo Cacaotepec, por los que cruzar\u00eda el circuito interior.<\/p>\n\n\n\n<p>Pero los desperfectos del proyecto tambi\u00e9n fueron evidentes en los tramos construidos, incluso antes de ser inaugurados, al grado de ser cerrados por los propios ciudadanos para evitar una desgracia.<\/p>\n\n\n\n<p>As\u00ed ocurri\u00f3 en la colonia Alem\u00e1n de Oaxaca de Ju\u00e1rez, donde los vecinos cerraron el paso como precauci\u00f3n ante los hundimientos y cuarteaduras registradas en el pavimento, reci\u00e9n instalado.<\/p>\n\n\n\n<p>Otro punto se registr\u00f3 en el carril poniente de la margen del r\u00edo \u201cAtoyac\u201d, a la altura de la Central de Abasto, donde tambi\u00e9n hay hundimientos del pavimento.&nbsp;<\/p>\n","protected":false},"excerpt":{"rendered":"<p>Yuridiana Sosa\/Zona Roja. Oaxaca de Ju\u00e1rez, Oax., 10 de enero de 2023.- Con fallas, inconclusa&hellip;<\/p>\n","protected":false},"author":2,"featured_media":50293,"comment_status":"closed","ping_status":"open","sticky":false,"template":"","format":"standard","meta":{"_lmt_disableupdate":"","_lmt_disable":"","_jetpack_memberships_contains_paid_content":false,"footnotes":""},"categories":[109,47],"tags":[1915],"class_list":["post-50297","post","type-post","status-publish","format-standard","has-post-thumbnail","hentry","category-minuto-a-minuto","category-zona-gris","tag-secretaria-de-las-infraestructuras-y-ordenamiento-territorial-sinfra"],"jetpack_featured_media_url":"https:\/\/zonaroja.com.mx\/wp-content\/uploads\/2023\/01\/Circuito-Interior-obra-Oaxaca.jpg","jetpack_sharing_enabled":true,"_links":{"self":[{"href":"https:\/\/zonaroja.com.mx\/index.php?rest_route=\/wp\/v2\/posts\/50297","targetHints":{"allow":["GET"]}}],"collection":[{"href":"https:\/\/zonaroja.com.mx\/index.php?rest_route=\/wp\/v2\/posts"}],"about":[{"href":"https:\/\/zonaroja.com.mx\/index.php?rest_route=\/wp\/v2\/types\/post"}],"author":[{"embeddable":true,"href":"https:\/\/zonaroja.com.mx\/index.php?rest_route=\/wp\/v2\/users\/2"}],"replies":[{"embeddable":true,"href":"https:\/\/zonaroja.com.mx\/index.php?rest_route=%2Fwp%2Fv2%2Fcomments&post=50297"}],"version-history":[{"count":1,"href":"https:\/\/zonaroja.com.mx\/index.php?rest_route=\/wp\/v2\/posts\/50297\/revisions"}],"predecessor-version":[{"id":50298,"href":"https:\/\/zonaroja.com.mx\/index.php?rest_route=\/wp\/v2\/posts\/50297\/revisions\/50298"}],"wp:featuredmedia":[{"embeddable":true,"href":"https:\/\/zonaroja.com.mx\/index.php?rest_route=\/wp\/v2\/media\/50293"}],"wp:attachment":[{"href":"https:\/\/zonaroja.com.mx\/index.php?rest_route=%2Fwp%2Fv2%2Fmedia&parent=50297"}],"wp:term":[{"taxonomy":"category","embeddable":true,"href":"https:\/\/zonaroja.com.mx\/index.php?rest_route=%2Fwp%2Fv2%2Fcategories&post=50297"},{"taxonomy":"post_tag","embeddable":true,"href":"https:\/\/zonaroja.com.mx\/index.php?rest_route=%2Fwp%2Fv2%2Ftags&post=50297"}],"curies":[{"name":"wp","href":"https:\/\/api.w.org\/{rel}","templated":true}]}}