{"id":50304,"date":"2023-01-10T19:18:14","date_gmt":"2023-01-11T01:18:14","guid":{"rendered":"http:\/\/www.zonaroja.com.mx\/?p=50304"},"modified":"2023-01-10T19:18:18","modified_gmt":"2023-01-11T01:18:18","slug":"colectivos-de-feministas-piden-urgen-al-congreso-fiscal-y-un-titular-idoneo-y-preparado","status":"publish","type":"post","link":"https:\/\/zonaroja.com.mx\/?p=50304","title":{"rendered":"Colectivos de feministas piden urgen al Congreso fiscal y un titular id\u00f3neo y preparado"},"content":{"rendered":"\n<p>Redacci\u00f3n\/Zona Roja.<\/p>\n\n\n\n<p>Oaxaca de Ju\u00e1rez, Oax., a 10 de enero de 2023.- Feministas y colectivos de mujeres demandaron al Congreso del Estado la urgente designaci\u00f3n del o la titular de la Fiscal\u00eda General del Estado de Oaxaca y que sea una persona preparada, con perfil, conocimientos y preparaci\u00f3n.<\/p>\n\n\n\n<p>Adem\u00e1s, aseguraron que se mantienen en alerta ante un posible \u201cmadruguete\u201d en la designaci\u00f3n del o la responsable de la instituci\u00f3n.<\/p>\n\n\n\n<p>Este martes, la Comisi\u00f3n Permanente de Administraci\u00f3n y Procuraci\u00f3n de Justicia envi\u00f3 al gobernador Salom\u00f3n Jara Cruz una lista seleccionada de 10 perfiles, de 22 que pasaron los filtros, tras el cierre de la convocatoria el pasado viernes; el mandatario deber\u00e1 remitir al Legislativo la terna de su sugerencia.<\/p>\n\n\n\n<p>En ese contexto, las firmantes de un pronunciamiento expusieron que&nbsp; \u201cOaxaca hoy vive una de las peores crisis en materia de violencia y seguridad.<\/p>\n\n\n\n<p>\u201cY en se&nbsp;contexto, es&nbsp;a&nbsp; las&nbsp;mujeres a quienes nos ha tocado enfrentar, en total abandono e impunidad institucional, una serie de agresiones que nos han costado la vida, acabando con los proyectos de cientos de j\u00f3venes mujeres y destrozando con ello a decenas de familias oaxaque\u00f1as que siguen clamando justicia.<\/p>\n\n\n\n<p>\u201cUn ejemplo de ello es la imparable violencia feminicida que en los \u00faltimos seis a\u00f1os ha dejado un saldo de 735 mujeres asesinadas, aunado a los 516 delitos sexuales y dos mil 47 personas desaparecidas que colectivas y organizaciones feministas han ido documentando\u201d.<\/p>\n\n\n\n<p>Por ello, abundaron, para quienes viven d\u00eda con d\u00eda un estado feminicida, resulta resulta fundamental la designaci\u00f3n de un fiscal penalista, con probada experiencia en la procuraci\u00f3n de justicia y estudios; pues \u201ctodos los anteriores&nbsp;han contribuido al aumento de los feminicidios por su complicidad mediante la impunidad a trav\u00e9s de una red de complicidad de alto nivel\u201d.<\/p>\n\n\n\n<p>Indicaron que es urgente que se considere un perfil id\u00f3neo con alta formaci\u00f3n acad\u00e9mica, que posea experiencia en&nbsp;la&nbsp;implementaci\u00f3n&nbsp;del nuevo Sistema de Justicia Penal en M\u00e9xico y pol\u00edtica criminal, y que adem\u00e1s tenga probada eficiencia en ese \u00e1mbito. \u201cOaxaca no est\u00e1 en condiciones de ser experimento de nadie cuando son las vidas y la seguridad de un estado lo que est\u00e1 en juego\u201d.<\/p>\n\n\n\n<p>En ese sentido, activistas, feministas, colectivas y organizaciones se mantienen en alerta ante un posible \u201cmadruguete\u201d en la designaci\u00f3n de la titularidad de la Fiscal\u00eda&nbsp; General del Estado de Oaxaca.<\/p>\n\n\n\n<p>Al tiempo que rechazaron \u201ctajantemente\u00bb la eventual designaci\u00f3n de Bernardo Rodr\u00edguez Alamilla como nuevo titular de la Fiscal\u00eda, \u201cya que representa la continuidad de&nbsp; la impunidad y el desinter\u00e9s institucional de su predecesor Arturo Peimbert Calvo y de&nbsp;&nbsp;Rub\u00e9n Vasconcelos&nbsp;Mendez,&nbsp;que maltrat\u00f3 a las v\u00edctimas y que tuvo opacidad en el manejo de la informaci\u00f3n sobre los feminicidios y la impunidad en m\u00e1s de 500 Feminicidios.<\/p>\n\n\n\n<p>Agregaron que consideran \u201cmuy conveniente\u201d que apenas el 23 de diciembre,&nbsp;Arturo Peimbert Calvo renunciara a la titularidad de la Fiscal\u00eda General del Estado de Oaxaca (FGEO), cargo que&nbsp;asumi\u00f3&nbsp; el&nbsp;18 de marzo de 2021 y que concluir\u00eda en 2028, argumentando que su decisi\u00f3n se debi\u00f3 estrictamente \u201ca motivos personales\u201d y descart\u00f3 que fuera por presiones del gobierno estatal.<\/p>\n\n\n\n<p>Mientras que, de forma paralela, trascendi\u00f3 que Bernardo Rodr\u00edguez Alamilla, a\u00fan titular de la Defensor\u00eda de los Derechos Humanos del Pueblo de Oaxaca (DDHPO), se postul\u00f3 para ocupar el cargo.&nbsp;&nbsp;<\/p>\n\n\n\n<p>El pronunciamiento lo firman, entre otros, la Red Nacional de Abogadas Ind\u00edgenas, Consorcio Para el Di\u00e1logo Parlamentario y la Equidad, Oaxaca A.C., Grupo de Estudios sobre la Mujer Rosario Castellanos A.C., Colectiva Chicatanas, Red Mariposas Mujeres Mixes, Colectiva Jur\u00eddica por la Dignidad Disidente.<\/p>\n\n\n\n<p>C\u00edrculo Profesional para la Formaci\u00f3n con Equidad de G\u00e9nero, Nduva Ndandi Caminos, Centro de Acompa\u00f1amiento a Migrantes A.C, Marea Verde Mixteca, Letra Verde AC, Mujeres Ind\u00edgenas por Ciarena, Achicopaladas, Coordinadora Estatal de Madres, Padres y Tutores en Defensa de la Educaci\u00f3n, Enlace Comunicaci\u00f3n y Capacitaci\u00f3n A. C., Grupo de Mujeres Sabinas A.C., adem\u00e1s de medio centenar de activistas.<\/p>\n","protected":false},"excerpt":{"rendered":"<p>Redacci\u00f3n\/Zona Roja. Oaxaca de Ju\u00e1rez, Oax., a 10 de enero de 2023.- Feministas y colectivos&hellip;<\/p>\n","protected":false},"author":2,"featured_media":44631,"comment_status":"closed","ping_status":"open","sticky":false,"template":"","format":"standard","meta":{"_lmt_disableupdate":"","_lmt_disable":"","_jetpack_memberships_contains_paid_content":false,"footnotes":""},"categories":[109,46],"tags":[494],"class_list":["post-50304","post","type-post","status-publish","format-standard","has-post-thumbnail","hentry","category-minuto-a-minuto","category-zona-blanca","tag-fiscalia-general-del-estado-de-oaxaca"],"jetpack_featured_media_url":"https:\/\/zonaroja.com.mx\/wp-content\/uploads\/2022\/08\/Oficinas-Fiscalia-General-Oaxaca.jpg","jetpack_sharing_enabled":true,"_links":{"self":[{"href":"https:\/\/zonaroja.com.mx\/index.php?rest_route=\/wp\/v2\/posts\/50304","targetHints":{"allow":["GET"]}}],"collection":[{"href":"https:\/\/zonaroja.com.mx\/index.php?rest_route=\/wp\/v2\/posts"}],"about":[{"href":"https:\/\/zonaroja.com.mx\/index.php?rest_route=\/wp\/v2\/types\/post"}],"author":[{"embeddable":true,"href":"https:\/\/zonaroja.com.mx\/index.php?rest_route=\/wp\/v2\/users\/2"}],"replies":[{"embeddable":true,"href":"https:\/\/zonaroja.com.mx\/index.php?rest_route=%2Fwp%2Fv2%2Fcomments&post=50304"}],"version-history":[{"count":1,"href":"https:\/\/zonaroja.com.mx\/index.php?rest_route=\/wp\/v2\/posts\/50304\/revisions"}],"predecessor-version":[{"id":50305,"href":"https:\/\/zonaroja.com.mx\/index.php?rest_route=\/wp\/v2\/posts\/50304\/revisions\/50305"}],"wp:featuredmedia":[{"embeddable":true,"href":"https:\/\/zonaroja.com.mx\/index.php?rest_route=\/wp\/v2\/media\/44631"}],"wp:attachment":[{"href":"https:\/\/zonaroja.com.mx\/index.php?rest_route=%2Fwp%2Fv2%2Fmedia&parent=50304"}],"wp:term":[{"taxonomy":"category","embeddable":true,"href":"https:\/\/zonaroja.com.mx\/index.php?rest_route=%2Fwp%2Fv2%2Fcategories&post=50304"},{"taxonomy":"post_tag","embeddable":true,"href":"https:\/\/zonaroja.com.mx\/index.php?rest_route=%2Fwp%2Fv2%2Ftags&post=50304"}],"curies":[{"name":"wp","href":"https:\/\/api.w.org\/{rel}","templated":true}]}}