{"id":50312,"date":"2023-01-10T22:14:47","date_gmt":"2023-01-11T04:14:47","guid":{"rendered":"http:\/\/www.zonaroja.com.mx\/?p=50312"},"modified":"2023-01-10T22:14:51","modified_gmt":"2023-01-11T04:14:51","slug":"victima-de-intento-de-feminicida-narra-por-primera-vez-ataque-e-impunidad","status":"publish","type":"post","link":"https:\/\/zonaroja.com.mx\/?p=50312","title":{"rendered":"V\u00edctima de intento de feminicida narra por primera vez ataque\u2026 e impunidad"},"content":{"rendered":"\n<p>Ismael Garc\u00eda M.\/Zona Roja.<\/p>\n\n\n\n<p>Oaxaca de Ju\u00e1rez, Oax., a 10 de enero de 2023.- \u201cEra como la una de la ma\u00f1ana, Llegamos de una feria. Me pregunt\u00f3 si quer\u00eda regresar con \u00e9l; ya ten\u00edamos siete meses separados, pues se hab\u00eda ido con otra persona.<\/p>\n\n\n\n<p>\u201cCuando yo le digo que ya no quer\u00eda regresar con \u00e9l, de repente sac\u00f3 un cuchillo; yo ya estaba acostada, no me dio tiempo de levantarme, cuando sent\u00ed ya me hab\u00eda dado tres veces con el cuchillo; le rogaba que no me matara, pero \u00e9l dec\u00eda que era lo mejor.<\/p>\n\n\n\n<p>\u201cLe dije que pensara en sus hijos y \u00e9l me dec\u00eda que que no, que lo mejor era que yo estuviera muerta. Lo \u00fanico que hice para defenderme fue reventarle un vaso de vidrio en la cabeza pero pues no le hizo nada; sigui\u00f3 atac\u00e1ndome, me tir\u00f3 al suelo, me cort\u00f3 con vidrios, en total me dio 15 pu\u00f1aladas, alrededor del cuello y del t\u00f3rax; me golpe\u00f3 el ojo, me lo dej\u00f3 cerrado. Tuve que fingir que estaba inconsciente para que me soltara.&nbsp;<\/p>\n\n\n\n<p>\u201cCuando \u00e9l piensa que yo estaba pr\u00e1cticamente muerta, se cambia, se llev\u00f3 unos papeles, mi dinero, y sale huyendo\u201d.&nbsp;<\/p>\n\n\n\n<p>As\u00ed narr\u00f3 Rosalba \u201cN\u201d su tragedia un 21 de agosto del a\u00f1o pasado en su casa en San Jacinto Amilpas, municipio conurbado a la capital. Y a la fecha no hay justicia, su agresor, su ex pareja, Barulio Bautista Cruz y la Fiscal\u00eda General del Estado ha retardado las investigaciones, pues ni siquiera hay ficha de b\u00fasqueda para localizarlo.<\/p>\n\n\n\n<p>En conferencia de prensa este martes frente al Palacio de Gobierno, arropada por el colectivo \u201cViolencia por ser Mujer\u201d, la v\u00edctima acus\u00f3 que la autoridad ministerial argumenta que no tiene tiempo, que no tiene dinero, que no halla al sujeto que intent\u00f3 matarla.<\/p>\n\n\n\n<p>Por ello, demand\u00f3 al gobierno que encabeza Salom\u00f3n Jara Cruz, que haga lo pertinente para que agilice la justicia.<\/p>\n\n\n\n<p>Rosalba agreg\u00f3 que teme por su vida, pues ha recibido amenazas de todo tipo, incluyendo la seguridad de sus hijos y su familia, ya que ni siquiera las medidas cautelares que le brindaron son efectivas, pues solo las realizan cinco minutos al d\u00eda.&nbsp;<\/p>\n\n\n\n<p>\u201cExijo justicia por todas aquellas mujeres que no han podido sobrevivir, por todas aquellas que siguen viviendo igual que yo, con miedo y con zozobra porque mi agresor sigue libre\u201d, expuso.<\/p>\n\n\n\n<figure class=\"wp-block-embed is-type-rich is-provider-twitter wp-block-embed-twitter\"><div class=\"wp-block-embed__wrapper\">\n<div class=\"twitter-tweet\"><blockquote class=\"twitter-tweet\" data-lang=\"es\"><p lang=\"es\" dir=\"ltr\"><a href=\"https:\/\/twitter.com\/hashtag\/ENVIVO?src=hash&amp;ref_src=twsrc%5Etfw\">#ENVIVO<\/a><br>Denuncian que tras agresi\u00f3n e intento de feminicidio a mujer desde hace cinco meses en San Jacinto Amilpas, hasta ahora no hay justicia y la <a href=\"https:\/\/twitter.com\/FISCALIA_GobOax?ref_src=twsrc%5Etfw\">@FISCALIA_GobOax<\/a> ni siquiera ha emitido la ficha de b\u00fasqueda del agresor, Braulio Bautista Cruz. <br>\ud83d\udc47<a href=\"https:\/\/t.co\/NC6x8opFeI\">https:\/\/t.co\/NC6x8opFeI<\/a> <a href=\"https:\/\/t.co\/I1fgu6GQMm\">pic.twitter.com\/I1fgu6GQMm<\/a><\/p>&mdash; Zona Roja Oaxaca (@ZonaRoja_Oaxaca) <a href=\"https:\/\/twitter.com\/ZonaRoja_Oaxaca\/status\/1612879976709165074?ref_src=twsrc%5Etfw\">10 de enero de 2023<\/a><\/blockquote><\/div>\n<\/div><\/figure>\n","protected":false},"excerpt":{"rendered":"<p>Ismael Garc\u00eda M.\/Zona Roja. Oaxaca de Ju\u00e1rez, Oax., a 10 de enero de 2023.- \u201cEra&hellip;<\/p>\n","protected":false},"author":2,"featured_media":50295,"comment_status":"closed","ping_status":"open","sticky":false,"template":"","format":"standard","meta":{"_lmt_disableupdate":"","_lmt_disable":"","_jetpack_memberships_contains_paid_content":false,"footnotes":""},"categories":[109,47],"tags":[77],"class_list":["post-50312","post","type-post","status-publish","format-standard","has-post-thumbnail","hentry","category-minuto-a-minuto","category-zona-gris","tag-san-jacinto-amilpas"],"jetpack_featured_media_url":"https:\/\/zonaroja.com.mx\/wp-content\/uploads\/2023\/01\/Mujer-San-Jacinto-Amilpas-intento-de-feminicidio.png","jetpack_sharing_enabled":true,"_links":{"self":[{"href":"https:\/\/zonaroja.com.mx\/index.php?rest_route=\/wp\/v2\/posts\/50312","targetHints":{"allow":["GET"]}}],"collection":[{"href":"https:\/\/zonaroja.com.mx\/index.php?rest_route=\/wp\/v2\/posts"}],"about":[{"href":"https:\/\/zonaroja.com.mx\/index.php?rest_route=\/wp\/v2\/types\/post"}],"author":[{"embeddable":true,"href":"https:\/\/zonaroja.com.mx\/index.php?rest_route=\/wp\/v2\/users\/2"}],"replies":[{"embeddable":true,"href":"https:\/\/zonaroja.com.mx\/index.php?rest_route=%2Fwp%2Fv2%2Fcomments&post=50312"}],"version-history":[{"count":1,"href":"https:\/\/zonaroja.com.mx\/index.php?rest_route=\/wp\/v2\/posts\/50312\/revisions"}],"predecessor-version":[{"id":50313,"href":"https:\/\/zonaroja.com.mx\/index.php?rest_route=\/wp\/v2\/posts\/50312\/revisions\/50313"}],"wp:featuredmedia":[{"embeddable":true,"href":"https:\/\/zonaroja.com.mx\/index.php?rest_route=\/wp\/v2\/media\/50295"}],"wp:attachment":[{"href":"https:\/\/zonaroja.com.mx\/index.php?rest_route=%2Fwp%2Fv2%2Fmedia&parent=50312"}],"wp:term":[{"taxonomy":"category","embeddable":true,"href":"https:\/\/zonaroja.com.mx\/index.php?rest_route=%2Fwp%2Fv2%2Fcategories&post=50312"},{"taxonomy":"post_tag","embeddable":true,"href":"https:\/\/zonaroja.com.mx\/index.php?rest_route=%2Fwp%2Fv2%2Ftags&post=50312"}],"curies":[{"name":"wp","href":"https:\/\/api.w.org\/{rel}","templated":true}]}}