{"id":50314,"date":"2023-01-11T06:19:21","date_gmt":"2023-01-11T12:19:21","guid":{"rendered":"http:\/\/www.zonaroja.com.mx\/?p=50314"},"modified":"2023-01-11T06:19:23","modified_gmt":"2023-01-11T12:19:23","slug":"asesinan-a-balazos-a-director-policiaco-en-acapulco-guerrero","status":"publish","type":"post","link":"https:\/\/zonaroja.com.mx\/?p=50314","title":{"rendered":"Asesinan a balazos a director policiaco en Acapulco, Guerrero"},"content":{"rendered":"\n<p>Redacci\u00f3n\/Zona Roja Cdmx.<\/p>\n\n\n\n<p>Ciudad de M\u00e9xico, a 11 de enero de 2023.- A escasos metros de las instalaciones de la Secretar\u00eda de Seguridad P\u00fablica de Acapulco, Guerrero, asesinaron con arma de grueso calibre al jefe operativo de la Policia Auxiliar, Samuel &#8216;B&#8217;.<\/p>\n\n\n\n<p>Al respecto, el gobierno de Acapulco&nbsp;lament\u00f3 y conden\u00f3 la agresi\u00f3n contra el encargado de la Polic\u00eda Auxiliar, Samuel &#8216;B&#8217;, por sujetos desconocidos y asegur\u00f3 que fue desplegado un operativo&nbsp;para perseguir a los presuntos responsables, sin resultados favorables.<\/p>\n\n\n\n<p>La agresi\u00f3n se registr\u00f3 entre las calles Michoac\u00e1n y Sonora en la colonia Progreso, cuando un comando le dispar\u00f3 en repetidas ocasiones, para huir en seguida de la escena del crimen.<\/p>\n\n\n\n<p>De acuerdo con los primeros reportes, el encargado de despacho de la Polic\u00eda Auxiliar de Acapulco&nbsp;hab\u00eda salido a realizar unas compras cuando sus victimarios lo alcanzaron y le&nbsp;dispararon&nbsp;en repetidas ocasiones.<\/p>\n\n\n\n<p>Hasta la escena del crimen acudieron efectivos de la Polic\u00eda Urbana, polic\u00edas ministeriales, estatales y soldados del Ej\u00e9rcito,&nbsp;quienes de inmediato acordonaron la zona.<\/p>\n\n\n\n<p>El gobierno de la alcaldesa,&nbsp;Abelina L\u00f3pez Rodr\u00edguez, indic\u00f3 que tendr\u00e1n todas las facilidades para llevar a cabo la investigaci\u00f3n y este hecho delictivo no quede impune en el puerto.<\/p>\n\n\n\n<p>(Informaci\u00f3n de \u201cMilenio\u201d)<\/p>\n","protected":false},"excerpt":{"rendered":"<p>Redacci\u00f3n\/Zona Roja Cdmx. Ciudad de M\u00e9xico, a 11 de enero de 2023.- A escasos metros&hellip;<\/p>\n","protected":false},"author":2,"featured_media":50316,"comment_status":"closed","ping_status":"open","sticky":false,"template":"","format":"standard","meta":{"_lmt_disableupdate":"","_lmt_disable":"","_jetpack_memberships_contains_paid_content":false,"footnotes":""},"categories":[109,51],"tags":[3387],"class_list":["post-50314","post","type-post","status-publish","format-standard","has-post-thumbnail","hentry","category-minuto-a-minuto","category-zona-roja","tag-acapulco-guerrero"],"jetpack_featured_media_url":"https:\/\/zonaroja.com.mx\/wp-content\/uploads\/2023\/01\/Asesinado-jefe-policiaco-Acapulco-Guerrero.webp","jetpack_sharing_enabled":true,"_links":{"self":[{"href":"https:\/\/zonaroja.com.mx\/index.php?rest_route=\/wp\/v2\/posts\/50314","targetHints":{"allow":["GET"]}}],"collection":[{"href":"https:\/\/zonaroja.com.mx\/index.php?rest_route=\/wp\/v2\/posts"}],"about":[{"href":"https:\/\/zonaroja.com.mx\/index.php?rest_route=\/wp\/v2\/types\/post"}],"author":[{"embeddable":true,"href":"https:\/\/zonaroja.com.mx\/index.php?rest_route=\/wp\/v2\/users\/2"}],"replies":[{"embeddable":true,"href":"https:\/\/zonaroja.com.mx\/index.php?rest_route=%2Fwp%2Fv2%2Fcomments&post=50314"}],"version-history":[{"count":1,"href":"https:\/\/zonaroja.com.mx\/index.php?rest_route=\/wp\/v2\/posts\/50314\/revisions"}],"predecessor-version":[{"id":50317,"href":"https:\/\/zonaroja.com.mx\/index.php?rest_route=\/wp\/v2\/posts\/50314\/revisions\/50317"}],"wp:featuredmedia":[{"embeddable":true,"href":"https:\/\/zonaroja.com.mx\/index.php?rest_route=\/wp\/v2\/media\/50316"}],"wp:attachment":[{"href":"https:\/\/zonaroja.com.mx\/index.php?rest_route=%2Fwp%2Fv2%2Fmedia&parent=50314"}],"wp:term":[{"taxonomy":"category","embeddable":true,"href":"https:\/\/zonaroja.com.mx\/index.php?rest_route=%2Fwp%2Fv2%2Fcategories&post=50314"},{"taxonomy":"post_tag","embeddable":true,"href":"https:\/\/zonaroja.com.mx\/index.php?rest_route=%2Fwp%2Fv2%2Ftags&post=50314"}],"curies":[{"name":"wp","href":"https:\/\/api.w.org\/{rel}","templated":true}]}}