{"id":50327,"date":"2023-01-11T08:30:00","date_gmt":"2023-01-11T14:30:00","guid":{"rendered":"http:\/\/www.zonaroja.com.mx\/?p=50327"},"modified":"2023-01-11T07:04:36","modified_gmt":"2023-01-11T13:04:36","slug":"fotos-abrazos-y-seis-compromisos-vagos-en-reunion-mexico-eu-canada","status":"publish","type":"post","link":"https:\/\/zonaroja.com.mx\/?p=50327","title":{"rendered":"Fotos, abrazos y seis compromisos vagos, en reuni\u00f3n M\u00e9xico-EU-Canad\u00e1"},"content":{"rendered":"\n<p>Redacci\u00f3n\/Zona Roja Cdmx.<\/p>\n\n\n\n<p>Ciudad de M\u00e9xico, a 11 de enero de 2023.- Al concluir la Cumbre de L\u00edderes de Am\u00e9rica del Norte (CLAN), M\u00e9xico, Estados Unidos y Canad\u00e1 se comprometieron a intensificar la cooperaci\u00f3n, consolidar las cadenas de suministro regionales, sustituir importaciones en el \u00e1rea y alcanzar una econom\u00eda resiliente, que convierta a esta zona en la m\u00e1s competitiva del mundo, para lo cual crear\u00e1n un comit\u00e9 de planeaci\u00f3n y vinculaci\u00f3n, inform\u00f3 el presidente Andr\u00e9s Manuel L\u00f3pez Obrador.<\/p>\n\n\n\n<p>El mandatario mexicano; el presidente de Estados Unidos, Joe Biden, y el primer ministro de Canad\u00e1, Justin Trudeau, hablaron ante los medios al t\u00e9rmino de las conversaciones privadas y m\u00e1s tarde difundieron una declaraci\u00f3n conjunta.<\/p>\n\n\n\n<p>Por ambas v\u00edas reconocieron el car\u00e1cter cr\u00edtico que enfrenta el mundo en materia ambiental, lo que requiere acciones inmediatas. Acordaron actuar \u201cr\u00e1pidamente para acelerar la transici\u00f3n energ\u00e9tica mediante la implementaci\u00f3n de soluciones de energ\u00eda limpia\u201d.<\/p>\n\n\n\n<p>Ante el desaf\u00edo ambiental, las tres naciones impulsar\u00e1n el aumento de la producci\u00f3n de veh\u00edculos de cero emisiones en Am\u00e9rica del Norte y la transici\u00f3n a combustibles m\u00e1s limpios. \u201cEn asociaci\u00f3n con los ind\u00edgenas, reiteramos nuestro compromiso de proteger la biodiversidad, trabajar para terminar con la deforestaci\u00f3n y hacer nuestra parte para conservar 30 por ciento de la tierra y las aguas del mundo para 2030\u201d.<\/p>\n\n\n\n<p>Biden afirm\u00f3 que Am\u00e9rica del Norte debe ser una zona de energ\u00eda limpia, para lo cual las tres naciones pueden convertirse en \u201cl\u00edderes globales en la crisis del clima; eso significa trabajar conjuntamente para tener veh\u00edculos de cero emisiones, establecer estaciones de recarga de veh\u00edculos el\u00e9ctricos que vayan de un lado a otro de nuestras fronteras internacionales; eso significa explorar mercado para energ\u00eda a partir del hidr\u00f3geno\u201d.<\/p>\n\n\n\n<p>El mandatario mexicano hizo en su momento una clara referencia a la crisis pol\u00edtica en Brasil: \u201cAbro un par\u00e9ntesis para expresar mi reconocimiento al primer ministro Trudeau y al presidente Biden, por la manera tan solidaria en que actuaron ante el intento de golpe de Estado en Brasil. Esto demuestra que hay un compromiso aut\u00e9ntico en favor de la democracia. Nuestro apoyo al presidente Lula\u201d.<\/p>\n\n\n\n<p>Al mismo tiempo, entre los acuerdos alcanzados destac\u00f3 el fortalecimiento de las relaciones comerciales y econ\u00f3micas. Explic\u00f3 que la creaci\u00f3n del comit\u00e9 de expertos estar\u00e1 \u201cdestinado a la planeaci\u00f3n y a la sustituci\u00f3n de importaciones en Am\u00e9rica del Norte para procurar ser cada vez m\u00e1s autosuficientes, as\u00ed como hacer realidad el desarrollo, la cooperaci\u00f3n y el bienestar de todos los pa\u00edses de nuestro continente\u201d.<\/p>\n\n\n\n<p>A\u00f1adi\u00f3 que en el encuentro los tres mandatarios abordaron con prioridad la integraci\u00f3n econ\u00f3mica y comercial de todo el continente, as\u00ed como el bienestar de los pueblos y las nuevas relaciones de cooperaci\u00f3n, \u201cdejando atr\u00e1s el intervencionismo hegem\u00f3nico\u201d.<\/p>\n\n\n\n<p>Trudeau subray\u00f3 que la consolidaci\u00f3n regional deriv\u00f3 del acuerdo comercial firmado hace casi 30 a\u00f1os, el cual permiti\u00f3 el crecimiento de \u201cnuestras econom\u00edas\u201d. Subray\u00f3 que Am\u00e9rica del Norte tiene una poblaci\u00f3n de 500 millones de personas con un producto interno bruto superior a la Uni\u00f3n Europea.<\/p>\n\n\n\n<p>Sin embargo, alert\u00f3 que recientemente se puso en duda la viabilidad del libre comercio regional, lo que gener\u00f3 incertidumbre para las inversiones. \u201cAfortunadamente, la creencia en el comercio justo y libre gan\u00f3 la batalla, renegociamos el acuerdo y se volvi\u00f3 mucho mejor. El mundo enfrenta gran incertidumbre con el surgimiento de l\u00edderes autoritarios que causan inestabilidad mundial, ademas de que el alto costo de vida agrega estr\u00e9s a las familias\u201d.<\/p>\n\n\n\n<p>A su vez, en el documento conjunto se menciona el acuerdo de lanzar una versi\u00f3n actualizada del Plan Norteamericano para la Pandemia y la Influenza Animal con el fin de mejorar la prevenci\u00f3n, preparaci\u00f3n y agilidad y brindar una respuesta r\u00e1pida a las emergencias sanitarias en Am\u00e9rica del Norte.<\/p>\n\n\n\n<p>El documento incorpora el compromiso de emprender acciones trilaterales para combatir la discriminaci\u00f3n y promover la diversidad, la equidad y la inclusi\u00f3n social. Los gobiernos \u201cguiar\u00e1n acciones a favor de comunidades hist\u00f3ricamente marginadas y avanzar\u00e1n en el acceso a bienestar y prosperidad para todas las personas a trav\u00e9s de iniciativas regionales y de cooperaci\u00f3n. Los tres pa\u00edses intercambiar\u00e1n informaci\u00f3n para compartir buenas pr\u00e1cticas y estrategias para fomentar la equidad y la justicia racial en nuestras pol\u00edticas p\u00fablicas\u201d.<\/p>\n\n\n\n<p>(Informaci\u00f3n de \u201cLa Jornada\u201d)<\/p>\n","protected":false},"excerpt":{"rendered":"<p>Redacci\u00f3n\/Zona Roja Cdmx. Ciudad de M\u00e9xico, a 11 de enero de 2023.- Al concluir la&hellip;<\/p>\n","protected":false},"author":2,"featured_media":50329,"comment_status":"closed","ping_status":"open","sticky":false,"template":"","format":"standard","meta":{"_lmt_disableupdate":"","_lmt_disable":"","_jetpack_memberships_contains_paid_content":false,"footnotes":""},"categories":[109,47],"tags":[3382],"class_list":["post-50327","post","type-post","status-publish","format-standard","has-post-thumbnail","hentry","category-minuto-a-minuto","category-zona-gris","tag-joe-biden-en-mexico"],"jetpack_featured_media_url":"https:\/\/zonaroja.com.mx\/wp-content\/uploads\/2023\/01\/Biden-Lopez-Obrador-Trudeau.jpg","jetpack_sharing_enabled":true,"_links":{"self":[{"href":"https:\/\/zonaroja.com.mx\/index.php?rest_route=\/wp\/v2\/posts\/50327","targetHints":{"allow":["GET"]}}],"collection":[{"href":"https:\/\/zonaroja.com.mx\/index.php?rest_route=\/wp\/v2\/posts"}],"about":[{"href":"https:\/\/zonaroja.com.mx\/index.php?rest_route=\/wp\/v2\/types\/post"}],"author":[{"embeddable":true,"href":"https:\/\/zonaroja.com.mx\/index.php?rest_route=\/wp\/v2\/users\/2"}],"replies":[{"embeddable":true,"href":"https:\/\/zonaroja.com.mx\/index.php?rest_route=%2Fwp%2Fv2%2Fcomments&post=50327"}],"version-history":[{"count":1,"href":"https:\/\/zonaroja.com.mx\/index.php?rest_route=\/wp\/v2\/posts\/50327\/revisions"}],"predecessor-version":[{"id":50330,"href":"https:\/\/zonaroja.com.mx\/index.php?rest_route=\/wp\/v2\/posts\/50327\/revisions\/50330"}],"wp:featuredmedia":[{"embeddable":true,"href":"https:\/\/zonaroja.com.mx\/index.php?rest_route=\/wp\/v2\/media\/50329"}],"wp:attachment":[{"href":"https:\/\/zonaroja.com.mx\/index.php?rest_route=%2Fwp%2Fv2%2Fmedia&parent=50327"}],"wp:term":[{"taxonomy":"category","embeddable":true,"href":"https:\/\/zonaroja.com.mx\/index.php?rest_route=%2Fwp%2Fv2%2Fcategories&post=50327"},{"taxonomy":"post_tag","embeddable":true,"href":"https:\/\/zonaroja.com.mx\/index.php?rest_route=%2Fwp%2Fv2%2Ftags&post=50327"}],"curies":[{"name":"wp","href":"https:\/\/api.w.org\/{rel}","templated":true}]}}