{"id":50333,"date":"2023-01-11T07:31:46","date_gmt":"2023-01-11T13:31:46","guid":{"rendered":"http:\/\/www.zonaroja.com.mx\/?p=50333"},"modified":"2023-01-11T07:31:49","modified_gmt":"2023-01-11T13:31:49","slug":"balacera-desata-terror-en-mixtequilla-oaxaca","status":"publish","type":"post","link":"https:\/\/zonaroja.com.mx\/?p=50333","title":{"rendered":"Balacera desata terror en Mixtequilla, Oaxaca"},"content":{"rendered":"\n<p>Redacci\u00f3n\/Zona Roja.<\/p>\n\n\n\n<p>Oaxaca de Ju\u00e1rez, Oax., a 11 de enero de 2023.- Sujetos armados a bordo de un veh\u00edculo dispararon anoche en contra de un motociclista, en la carretera a Santa Maria Mixtequilla, regi\u00f3n del Istmo de Tehuantepec.<\/p>\n\n\n\n<p>En la misma zona, apenas el pasado domingo fue ejecutado a balazos un dirigente de taxistas de Santo Domingo Tehuantepec.<\/p>\n\n\n\n<p>De los hechos registrados anoche, corporaciones policiacas acudieron al llamado de auxilio pero s\u00f3lo hallaron una motocicleta marca Honda abandonada en el lugar, adem\u00e1s de casquillos percutidos.<\/p>\n\n\n\n<p>No hab\u00eda rastros de sangre por lo cual se teme que la persona atacada haya sido secuestrada.<\/p>\n\n\n\n<p>Hsta el momento no se ha dado a conocer si hubo operativos de b\u00fasqueda y si hay resultados positivos.<\/p>\n\n\n\n<p>En la regi\u00f3n del Istmo, desde el pasado viernes cotidianamente han sucedido hechos violentos, principalmente asesinatos, en Juchit\u00e1n, Salina Cruz, Tehuantepec, Mixtequilla, entre otros municipios, sin que las corporaciones policiacas inhiban la acci\u00f3n de grupos criminales.<\/p>\n","protected":false},"excerpt":{"rendered":"<p>Redacci\u00f3n\/Zona Roja. Oaxaca de Ju\u00e1rez, Oax., a 11 de enero de 2023.- Sujetos armados a&hellip;<\/p>\n","protected":false},"author":2,"featured_media":50335,"comment_status":"closed","ping_status":"open","sticky":false,"template":"","format":"standard","meta":{"_lmt_disableupdate":"","_lmt_disable":"","_jetpack_memberships_contains_paid_content":false,"footnotes":""},"categories":[109,47],"tags":[2138],"class_list":["post-50333","post","type-post","status-publish","format-standard","has-post-thumbnail","hentry","category-minuto-a-minuto","category-zona-gris","tag-santa-maria-mixtequilla"],"jetpack_featured_media_url":"https:\/\/zonaroja.com.mx\/wp-content\/uploads\/2023\/01\/Balazos-violencia-casquillos-escena.jpeg","jetpack_sharing_enabled":true,"_links":{"self":[{"href":"https:\/\/zonaroja.com.mx\/index.php?rest_route=\/wp\/v2\/posts\/50333","targetHints":{"allow":["GET"]}}],"collection":[{"href":"https:\/\/zonaroja.com.mx\/index.php?rest_route=\/wp\/v2\/posts"}],"about":[{"href":"https:\/\/zonaroja.com.mx\/index.php?rest_route=\/wp\/v2\/types\/post"}],"author":[{"embeddable":true,"href":"https:\/\/zonaroja.com.mx\/index.php?rest_route=\/wp\/v2\/users\/2"}],"replies":[{"embeddable":true,"href":"https:\/\/zonaroja.com.mx\/index.php?rest_route=%2Fwp%2Fv2%2Fcomments&post=50333"}],"version-history":[{"count":1,"href":"https:\/\/zonaroja.com.mx\/index.php?rest_route=\/wp\/v2\/posts\/50333\/revisions"}],"predecessor-version":[{"id":50336,"href":"https:\/\/zonaroja.com.mx\/index.php?rest_route=\/wp\/v2\/posts\/50333\/revisions\/50336"}],"wp:featuredmedia":[{"embeddable":true,"href":"https:\/\/zonaroja.com.mx\/index.php?rest_route=\/wp\/v2\/media\/50335"}],"wp:attachment":[{"href":"https:\/\/zonaroja.com.mx\/index.php?rest_route=%2Fwp%2Fv2%2Fmedia&parent=50333"}],"wp:term":[{"taxonomy":"category","embeddable":true,"href":"https:\/\/zonaroja.com.mx\/index.php?rest_route=%2Fwp%2Fv2%2Fcategories&post=50333"},{"taxonomy":"post_tag","embeddable":true,"href":"https:\/\/zonaroja.com.mx\/index.php?rest_route=%2Fwp%2Fv2%2Ftags&post=50333"}],"curies":[{"name":"wp","href":"https:\/\/api.w.org\/{rel}","templated":true}]}}