{"id":50337,"date":"2023-01-11T12:35:00","date_gmt":"2023-01-11T18:35:00","guid":{"rendered":"http:\/\/www.zonaroja.com.mx\/?p=50337"},"modified":"2023-01-11T14:50:27","modified_gmt":"2023-01-11T20:50:27","slug":"pend1-6","status":"publish","type":"post","link":"https:\/\/zonaroja.com.mx\/?p=50337","title":{"rendered":"Ser\u00eda Ernesto L\u00f3pez Saure nuevo fiscal General de Oaxaca"},"content":{"rendered":"\n<p>Yuridiana Sosa\/Zona Roja.&nbsp;<\/p>\n\n\n\n<p>Oaxaca de Ju\u00e1rez, Oax., 11 de enero de 2023.- El ex fiscal de Homicidios de la Ciudad de M\u00e9xico, Ernesto L\u00f3pez Saure, se perfila como el nuevo titular de la Fiscal\u00eda General de Oaxaca.<\/p>\n\n\n\n<p>Ayer, la Comisi\u00f3n de Administraci\u00f3n y Procuraci\u00f3n de Justicia de la 65 Legislatura envi\u00f3 una lista de 10 seleccionados para el cargo y hoy el gobernador Salom\u00f3n Jara remiti\u00f3 su terna; la propuesta ya est\u00e1 agendado en la orden del d\u00eda y se prev\u00e9 una sesi\u00f3n extraordinaria este mismo lunes para avalar el nombramiento.<\/p>\n\n\n\n<p>L\u00f3pez Saure, originario de Ciudad Ixtepec, en la regi\u00f3n del Istmo, es parte de los 10 postulados por la Comisi\u00f3n de Procuraci\u00f3n y Administraci\u00f3n de Justicia del Congreso de Oaxaca y con mayor perfil para el cargo.<\/p>\n\n\n\n<p>Los 10 candidatos seleccionados este 10 de enero tras entrevistas, fueron \u2013en orden de lista- &nbsp;Edith Morales Celaya, Amparo Arias Rivas, Betzab\u00e9 Ram\u00edrez V\u00e1squez, Jessica Jeanine Rodr\u00edguez Robles, Miroslava Echeverr\u00eda Sierra; as\u00ed como Ernesto L\u00f3pez Saure, Bernardo Rodr\u00edguez Alamilla, Jos\u00e9 Antonio \u00c1lvarez Hern\u00e1ndez, Tito Ram\u00edrez Gonz\u00e1lez y Manlio R. Hern\u00e1ndez Dom\u00ednguez.<\/p>\n\n\n\n<p>Pero, de acuerdo con informaci\u00f3n preliminar del interior del Poder Ejecutivo, la terna que devolver\u00e1 el mandatario al Congreso de Oaxaca est\u00e1 integrada por Ernesto L\u00f3pez Saure, Jos\u00e9 Antonio \u00c1lvarez Hern\u00e1ndez y Edith Morales Celaya. <\/p>\n\n\n\n<p>En el caso particular de L\u00f3pez Saure, desde su inscripci\u00f3n, presuntamente ha contado con respaldo oficial. Incluso su postulaci\u00f3n cont\u00f3 con amplia difusi\u00f3n en medios.<\/p>\n\n\n\n<p>Una vez que fue enviada la terna por el gobernador Salom\u00f3n Jara al Congreso de Oaxaca, el pleno de la 65 Legislatura votar\u00e1 hoy mismo por quien ocupar\u00e1 el puesto que dej\u00f3 Arturo Peimbert Calvo el pasado 23 de diciembre. <\/p>\n\n\n\n<p>TRAYECTORIA&nbsp;<\/p>\n\n\n\n<p>De acuerdo a su curr\u00edculum,Ernesto L\u00f3pez Saure cuenta con una amplia trayectoria en el \u00e1mbito p\u00fablico, acad\u00e9mico y privado en materia de justicia y derechos.&nbsp;<\/p>\n\n\n\n<p>Entre los cargos m\u00e1s recientes, que destacan a nivel nacional, fue su nombramiento en junio de 2020 como Fiscal de Investigaci\u00f3n Estrat\u00e9gica del Delito de Homicidio, en la Fiscal\u00eda General de Justicia de la Ciudad de M\u00e9xico. Al cual renunci\u00f3 en febrero de 2022.<\/p>\n\n\n\n<p>As\u00ed como en 2019 particip\u00f3 en el particip\u00e9 en el proceso de selecci\u00f3n para la titularidad de Fiscal General de la Rep\u00fablica, del que qued\u00f3 entre los 10 finalistas.<\/p>\n\n\n\n<p>En su carrera en el \u00e1mbito p\u00fablico se cuenta su desempe\u00f1o en cargos en Oaxaca, pero mayormente en la Ciudad de M\u00e9xico o anteriormente Distrito Federal.&nbsp;<\/p>\n\n\n\n<p>En Oaxaca fue subprocurador General de Justicia en la regi\u00f3n del Istmo, y coordinador de las regiones en donde opera el sistema acusatorio adversarial entre el 2011 y el 2014.<\/p>\n\n\n\n<p>Mientras que en 2006 fungi\u00f3 como Director de la Academia de Formaci\u00f3n Profesional en la Procuradur\u00eda General de Justicia del Estado de Oaxaca.<\/p>\n\n\n\n<p>En 2005 fue Subdirector de Averiguaciones Previas y Consignaciones en la Procuradur\u00eda General de Justicia del Estado de Oaxaca y entre 1999 al 2000 fungi\u00f3 como Asesor del Procurador General de Justicia de Oaxaca.<\/p>\n\n\n\n<p>As\u00ed tambi\u00e9n, fuera de la entidad, se desempe\u00f1\u00f3 como Visitador General en la Procuradur\u00eda General de Justicia del Distrito Federal; entre el 2007 y 2008 fue Coordinador general de averiguaciones previas desconcentradas en la Procuradur\u00eda General de Justicia del Distrito Federal.<\/p>\n\n\n\n<p>En el 2006 tambi\u00e9n fue Encargado de la Subprocuradur\u00eda de Averiguaciones Previas Desconcentradas de la Procuradur\u00eda General de Justicia del Distrito Federal.<\/p>\n\n\n\n<p>PREPARACI\u00d3N&nbsp;<\/p>\n\n\n\n<p>Ernesto L\u00f3pez Saure es Licenciado en Derecho en la Universidad Tecnol\u00f3gica de M\u00e9xico, con menci\u00f3n honor\u00edfica. Cuenta con Especialidad en Derecho Penal en el Instituto Nacional de Ciencias Penales; Maestr\u00eda en Ciencias Penales con especializaci\u00f3n en Jur\u00eddico Penal en el Instituto Nacional de Ciencias Penales.<\/p>\n\n\n\n<p>As\u00ed tambi\u00e9n, es Master en Derecho Penal, Constituci\u00f3n y Derechos por la Universidad Aut\u00f3noma de Barcelona; cuenta con Estudios de Doctorado en Derecho Penal en la Universidad de Barcelona bajo la tutela directa de Santiago Mir Puig.<\/p>\n\n\n\n<p>Estancia de Investigaci\u00f3n Doctoral en el Instituto de Filosof\u00eda del Derecho, Ciencia del Derecho y Derecho Inform\u00e1tico de la Universidad de M\u00fcnich, bajo la tutela de Bern Sch\u00fcnemann, entre otros m\u00faltiples seminarios y talleres en materia penal.<\/p>\n","protected":false},"excerpt":{"rendered":"<p>Yuridiana Sosa\/Zona Roja.&nbsp; Oaxaca de Ju\u00e1rez, Oax., 11 de enero de 2023.- El ex fiscal&hellip;<\/p>\n","protected":false},"author":2,"featured_media":50343,"comment_status":"closed","ping_status":"open","sticky":false,"template":"","format":"standard","meta":{"_lmt_disableupdate":"","_lmt_disable":"","_jetpack_memberships_contains_paid_content":false,"footnotes":""},"categories":[109,46],"tags":[],"class_list":["post-50337","post","type-post","status-publish","format-standard","has-post-thumbnail","hentry","category-minuto-a-minuto","category-zona-blanca"],"jetpack_featured_media_url":"https:\/\/zonaroja.com.mx\/wp-content\/uploads\/2023\/01\/59b45b22-acb7-4a24-8710-478a4400be9c.jpg","jetpack_sharing_enabled":true,"_links":{"self":[{"href":"https:\/\/zonaroja.com.mx\/index.php?rest_route=\/wp\/v2\/posts\/50337","targetHints":{"allow":["GET"]}}],"collection":[{"href":"https:\/\/zonaroja.com.mx\/index.php?rest_route=\/wp\/v2\/posts"}],"about":[{"href":"https:\/\/zonaroja.com.mx\/index.php?rest_route=\/wp\/v2\/types\/post"}],"author":[{"embeddable":true,"href":"https:\/\/zonaroja.com.mx\/index.php?rest_route=\/wp\/v2\/users\/2"}],"replies":[{"embeddable":true,"href":"https:\/\/zonaroja.com.mx\/index.php?rest_route=%2Fwp%2Fv2%2Fcomments&post=50337"}],"version-history":[{"count":2,"href":"https:\/\/zonaroja.com.mx\/index.php?rest_route=\/wp\/v2\/posts\/50337\/revisions"}],"predecessor-version":[{"id":50342,"href":"https:\/\/zonaroja.com.mx\/index.php?rest_route=\/wp\/v2\/posts\/50337\/revisions\/50342"}],"wp:featuredmedia":[{"embeddable":true,"href":"https:\/\/zonaroja.com.mx\/index.php?rest_route=\/wp\/v2\/media\/50343"}],"wp:attachment":[{"href":"https:\/\/zonaroja.com.mx\/index.php?rest_route=%2Fwp%2Fv2%2Fmedia&parent=50337"}],"wp:term":[{"taxonomy":"category","embeddable":true,"href":"https:\/\/zonaroja.com.mx\/index.php?rest_route=%2Fwp%2Fv2%2Fcategories&post=50337"},{"taxonomy":"post_tag","embeddable":true,"href":"https:\/\/zonaroja.com.mx\/index.php?rest_route=%2Fwp%2Fv2%2Ftags&post=50337"}],"curies":[{"name":"wp","href":"https:\/\/api.w.org\/{rel}","templated":true}]}}