{"id":5034,"date":"2019-10-22T12:40:56","date_gmt":"2019-10-22T17:40:56","guid":{"rendered":"https:\/\/www.zonaroja.com.mx\/?p=5034"},"modified":"2019-10-22T12:40:58","modified_gmt":"2019-10-22T17:40:58","slug":"segundo-dia-de-bloqueos-y-afectaciones-viales-en-oaxaca-insisten-en-renuncia-del-fiscal","status":"publish","type":"post","link":"https:\/\/zonaroja.com.mx\/?p=5034","title":{"rendered":"Segundo d\u00eda de bloqueos y afectaciones viales en Oaxaca; insisten en renuncia del fiscal"},"content":{"rendered":"\n<p>Redacci\u00f3n\/Zona Roja<\/p>\n\n\n\n<p>Oaxaca de Ju\u00e1rez, Oax., 22 de octubre de 2019.- Por segundo d\u00eda consecutivo, en el territorio oaxaque\u00f1o se registran una serie de protestas y bloqueos viales que afectan a automovilistas y transe\u00fantes de diferentes regiones y sus principales&nbsp;conexiones&nbsp;con la capital de Oaxaca.&nbsp;<\/p>\n\n\n\n<p>Integrantes de la Asamblea de Pueblos en Defensa del Territorio, la Educaci\u00f3n P\u00fablica, Gratuita y los Derechos Humanos mantienen su jornada de lucha contra la impunidad y con ello su \u201ctoma\u201d de la caseta de cobro de la carretera Oaxaca-Cuacnopalan a la altura de la localidad de San Pablo Huitzo para exigir la destituci\u00f3n del fiscal general, Rub\u00e9n Vasconcelos M\u00e9ndez, a quien acusan de contar con nexos con el crimen organizado y grupos paramilitares en la entidad.<\/p>\n\n\n\n<p>Desde ayer el grupo manifestante lament\u00f3 la falta de aplicaci\u00f3n de justicia en torno al asesinato de militantes del Consejo de Comunidades Ind\u00edgenas de la Sierra Sur (Cociss), ocurrido en el 2017 y se\u00f1alando como responsables a integrantes de la organizaci\u00f3n Antorcha Campesina, a quienes calificaron protege el fiscal Rub\u00e9n Vasconcelos.<\/p>\n\n\n\n<p>En el marco de la misma jornada de protesta, integrantes del Comit\u00e9 de Defensa de los Pueblos Ind\u00edgenas (Codedi),&nbsp;&nbsp;bloquean tambi\u00e9n la carretera federal 131 a la altura de Sola de Vega ocasionando que decenas de veh\u00edculos permanezcan varados en ambos sentidos del tramo carretero.<\/p>\n\n\n\n<p>Al respecto a trav\u00e9s de las redes sociales se difunde un mensaje sin firma en el que presuntos habitantes de San Pedro Pochutla llaman a la organizaci\u00f3n de los pobladores para reunirse en punto&nbsp;<a href=\"\/\/1\">de las 11:00 horas<\/a>&nbsp;e ir a quitar el bloqueo \u201csi ya estas harto de tanto atropello de la Codedi, \u00fanete. Fuera la Codedi ya basta que a Pochutla lo usen\u201d, refiere.<\/p>\n\n\n\n<p>Mientras que&nbsp;&nbsp;simpatizantes del Comit\u00e9 de Defensa Ciudadana y Asistencia Rural&nbsp; (CODECI A.R) bloquea el tramo carretero en el kil\u00f3metro 61 en las inmediaciones de San Sim\u00f3n Almolongas, Miahuatl\u00e1n, para exigir al gobierno estatal y federal justicia por la muerte de su l\u00edder hist\u00f3rico Catarino Torres Pereda, qui\u00e9n hace nueve a\u00f1os fue asesinado por dos sujetos desconocidos, mientras \u00e9l se encontraba solo en su oficina.<\/p>\n\n\n\n<p>Finalmente y debido a un accidente en el que volc\u00f3 una pipa de combustible, el paso de Oaxaca al Istmo de Tehuantepec y viceversa, tambi\u00e9n se encuentra afectado a la altura de Magdalena Tequisitl\u00e1n; reportan derrame de combustible y piden la presencia de personal de apoyo para retirar la unidad.<br class=\"Apple-interchange-newline\" \/><\/p>\n\n\n\n<p><\/p>\n","protected":false},"excerpt":{"rendered":"<p>Redacci\u00f3n\/Zona Roja Oaxaca de Ju\u00e1rez, Oax., 22 de octubre de 2019.- Por segundo d\u00eda consecutivo,&hellip;<\/p>\n","protected":false},"author":2,"featured_media":5033,"comment_status":"closed","ping_status":"open","sticky":false,"template":"","format":"standard","meta":{"_lmt_disableupdate":"","_lmt_disable":"","_jetpack_memberships_contains_paid_content":false,"footnotes":""},"categories":[1],"tags":[],"class_list":["post-5034","post","type-post","status-publish","format-standard","has-post-thumbnail","hentry","category-sin-categoria"],"jetpack_featured_media_url":"https:\/\/zonaroja.com.mx\/wp-content\/uploads\/2019\/10\/355319f4-e044-4490-965a-1cf795a5a67d.jpg","jetpack_sharing_enabled":true,"_links":{"self":[{"href":"https:\/\/zonaroja.com.mx\/index.php?rest_route=\/wp\/v2\/posts\/5034","targetHints":{"allow":["GET"]}}],"collection":[{"href":"https:\/\/zonaroja.com.mx\/index.php?rest_route=\/wp\/v2\/posts"}],"about":[{"href":"https:\/\/zonaroja.com.mx\/index.php?rest_route=\/wp\/v2\/types\/post"}],"author":[{"embeddable":true,"href":"https:\/\/zonaroja.com.mx\/index.php?rest_route=\/wp\/v2\/users\/2"}],"replies":[{"embeddable":true,"href":"https:\/\/zonaroja.com.mx\/index.php?rest_route=%2Fwp%2Fv2%2Fcomments&post=5034"}],"version-history":[{"count":1,"href":"https:\/\/zonaroja.com.mx\/index.php?rest_route=\/wp\/v2\/posts\/5034\/revisions"}],"predecessor-version":[{"id":5035,"href":"https:\/\/zonaroja.com.mx\/index.php?rest_route=\/wp\/v2\/posts\/5034\/revisions\/5035"}],"wp:featuredmedia":[{"embeddable":true,"href":"https:\/\/zonaroja.com.mx\/index.php?rest_route=\/wp\/v2\/media\/5033"}],"wp:attachment":[{"href":"https:\/\/zonaroja.com.mx\/index.php?rest_route=%2Fwp%2Fv2%2Fmedia&parent=5034"}],"wp:term":[{"taxonomy":"category","embeddable":true,"href":"https:\/\/zonaroja.com.mx\/index.php?rest_route=%2Fwp%2Fv2%2Fcategories&post=5034"},{"taxonomy":"post_tag","embeddable":true,"href":"https:\/\/zonaroja.com.mx\/index.php?rest_route=%2Fwp%2Fv2%2Ftags&post=5034"}],"curies":[{"name":"wp","href":"https:\/\/api.w.org\/{rel}","templated":true}]}}