{"id":50346,"date":"2023-01-11T19:15:24","date_gmt":"2023-01-12T01:15:24","guid":{"rendered":"http:\/\/www.zonaroja.com.mx\/?p=50346"},"modified":"2023-01-11T19:15:27","modified_gmt":"2023-01-12T01:15:27","slug":"asesinan-a-titular-de-combate-al-secuestro-en-el-estado-de-colima","status":"publish","type":"post","link":"https:\/\/zonaroja.com.mx\/?p=50346","title":{"rendered":"Asesinan a titular de Combate al Secuestro en el estado de Colima"},"content":{"rendered":"\n<p>Redacci\u00f3n\/Zona Roja Cdmx.<\/p>\n\n\n\n<p>Ciudad de M\u00e9xico, a 11 de enero de 2023.- La Fiscal\u00eda General del Estado (FGE) de Colima confirm\u00f3 el asesinato de la titular de la Unidad del Combate al Secuestro de dicha instancia, Martha Esther Rodr\u00edguez Cerna.<\/p>\n\n\n\n<p>A trav\u00e9s de un comunicado, la Fiscal\u00eda detall\u00f3 que, de acuerdo con las primeras indagatorias, el hecho ocurri\u00f3 alrededor de las 09:20 horas de este 11 de enero en la colonia La Joya, en Villa de \u00c1lvarez, cuando sujetos armados interceptaron a la funcionaria y dispararon en su contra cuando iba descendiendo de un veh\u00edculo oficial.<\/p>\n\n\n\n<p>Tras el ataque, se implement\u00f3 un operativo coordinado en el que participan elementos de seguridad estatales y federales, con la finalidad de dar con los responsables.<\/p>\n\n\n\n<p>La FGE lament\u00f3 el crimen y apunt\u00f3 que llevar\u00e1 a cabo las acciones necesarias para que no quede impune.<\/p>\n\n\n\n<p>Adem\u00e1s, extendi\u00f3 su solidaridad a familiares, amigos y compa\u00f1eros ante el ataque.<\/p>\n\n\n\n<p>(Informaci\u00f3n de L\u00f3pez-D\u00f3riga Digital)<\/p>\n","protected":false},"excerpt":{"rendered":"<p>Redacci\u00f3n\/Zona Roja Cdmx. Ciudad de M\u00e9xico, a 11 de enero de 2023.- La Fiscal\u00eda General&hellip;<\/p>\n","protected":false},"author":2,"featured_media":50348,"comment_status":"closed","ping_status":"open","sticky":false,"template":"","format":"standard","meta":{"_lmt_disableupdate":"","_lmt_disable":"","_jetpack_memberships_contains_paid_content":false,"footnotes":""},"categories":[109,51],"tags":[3065],"class_list":["post-50346","post","type-post","status-publish","format-standard","has-post-thumbnail","hentry","category-minuto-a-minuto","category-zona-roja","tag-violencia-colima"],"jetpack_featured_media_url":"https:\/\/zonaroja.com.mx\/wp-content\/uploads\/2023\/01\/Antisecuestro-Colima-asesinada.jpg","jetpack_sharing_enabled":true,"_links":{"self":[{"href":"https:\/\/zonaroja.com.mx\/index.php?rest_route=\/wp\/v2\/posts\/50346","targetHints":{"allow":["GET"]}}],"collection":[{"href":"https:\/\/zonaroja.com.mx\/index.php?rest_route=\/wp\/v2\/posts"}],"about":[{"href":"https:\/\/zonaroja.com.mx\/index.php?rest_route=\/wp\/v2\/types\/post"}],"author":[{"embeddable":true,"href":"https:\/\/zonaroja.com.mx\/index.php?rest_route=\/wp\/v2\/users\/2"}],"replies":[{"embeddable":true,"href":"https:\/\/zonaroja.com.mx\/index.php?rest_route=%2Fwp%2Fv2%2Fcomments&post=50346"}],"version-history":[{"count":1,"href":"https:\/\/zonaroja.com.mx\/index.php?rest_route=\/wp\/v2\/posts\/50346\/revisions"}],"predecessor-version":[{"id":50349,"href":"https:\/\/zonaroja.com.mx\/index.php?rest_route=\/wp\/v2\/posts\/50346\/revisions\/50349"}],"wp:featuredmedia":[{"embeddable":true,"href":"https:\/\/zonaroja.com.mx\/index.php?rest_route=\/wp\/v2\/media\/50348"}],"wp:attachment":[{"href":"https:\/\/zonaroja.com.mx\/index.php?rest_route=%2Fwp%2Fv2%2Fmedia&parent=50346"}],"wp:term":[{"taxonomy":"category","embeddable":true,"href":"https:\/\/zonaroja.com.mx\/index.php?rest_route=%2Fwp%2Fv2%2Fcategories&post=50346"},{"taxonomy":"post_tag","embeddable":true,"href":"https:\/\/zonaroja.com.mx\/index.php?rest_route=%2Fwp%2Fv2%2Ftags&post=50346"}],"curies":[{"name":"wp","href":"https:\/\/api.w.org\/{rel}","templated":true}]}}