{"id":50350,"date":"2023-01-11T19:19:44","date_gmt":"2023-01-12T01:19:44","guid":{"rendered":"http:\/\/www.zonaroja.com.mx\/?p=50350"},"modified":"2023-01-11T19:19:46","modified_gmt":"2023-01-12T01:19:46","slug":"ministra-de-a-scjn-si-plagio-tesis-pero-unam-no-le-pueden-invalidar-titulo","status":"publish","type":"post","link":"https:\/\/zonaroja.com.mx\/?p=50350","title":{"rendered":"Ministra de a SCJN s\u00ed plagi\u00f3 tesis; pero UNAM no le pueden invalidar t\u00edtulo"},"content":{"rendered":"\n<p>Redacci\u00f3n\/Zona Roja Cdmx.<\/p>\n\n\n\n<p>Ciudad de M\u00e9xico, a 11 de enero de 2023.- La Universidad Nacional Aut\u00f3noma de M\u00e9xico reconoci\u00f3 que no cuenta con los mecanismos para retirar el t\u00edtulo de grado de la ministra Yasm\u00edn Esquivel Mossa, pese a que la Facultad de Estudios Superiores (FES) Arag\u00f3n demostr\u00f3 que existe plagio en su tesis de licenciatura.<\/p>\n\n\n\n<p>Por medio de un comunicado de prensa que firm\u00f3 el rector Enrique Graue Wiechers, la m\u00e1xima casa de estudios valid\u00f3 los estudios que realiz\u00f3 la FES sobre el an\u00e1lisis de las tesis de la ministra (1987) y el abogado Edgar Ulises B\u00e1ez (1986) en donde se destac\u00f3 que s\u00ed existi\u00f3 \u201ccopia sustancial\u201d por parte de la integrante de la Suprema Corte de Justicia de la Naci\u00f3n (SCJN).<\/p>\n\n\n\n<p>Sin embargo, en el comunicado se precis\u00f3 que, aunque se comprob\u00f3 la falta a la Legislaci\u00f3n Universitaria, no se cuenta con los mecanismos para invalidar el t\u00edtulo, por lo que la ministra conservar\u00e1 su grado en Derecho por parte de la UNAM, debido a que finaliz\u00f3 sus estudios y present\u00f3 su examen profesional ante un jurado designado.<\/p>\n\n\n\n<p>\u201cDe la interpretaci\u00f3n solicitada a la Oficina de la Abogac\u00eda General se desprende que la normatividad universitaria carece de los mecanismos para invalidar un t\u00edtulo expedido por la Universidad Nacional, a\u00fan y cuando el plagio de una tesis est\u00e9 documento\u201d, se pudo leer en el comunicado.<\/p>\n\n\n\n<p>Aunado a lo anterior, el rector de la UNAM indic\u00f3 que la FES Arag\u00f3n est\u00e1 en curso el proceso de investigaci\u00f3n administrativa, tal como lo establece la Legislaci\u00f3n Universitaria, en contra de la profesora Martha Rodr\u00edguez Ortiz, la cual fungi\u00f3 como directora de las tesis mencionadas.<\/p>\n\n\n\n<p>La UNAM record\u00f3 que, tras los hechos que se volvieron p\u00fablicos, ya se han tomado la decisi\u00f3n de adoptar medidas para evitar que se vuelvan a repetir dichos casos, por lo que se prev\u00e9n algunas modificaciones a los procesos de titulaci\u00f3n.<\/p>\n\n\n\n<p>\u201cNuestra casa de estudios considera que siempre ser\u00e1 mejor prevenir casos tan lamentables y penosos como \u00e9stos, por lo que, en acuerdo con el Colegio de Directores de Facultades y Escuelas, se ha tomado ya las primeras medidas en el sentido, as\u00ed como el estudio de de las alternativas que permitan fortalecer nuestra normatividad para prevenir asuntos como el que nos ocupa\u201d, se pudo leer.<\/p>\n\n\n\n<p>Finalmente, la Universidad destac\u00f3 que su compromiso con fomentar los altos valores como la \u00e9tica y la integridad a quienes conforman la comunidad universitaria: \u201cEl plagio, que no quepa duda, es una pr\u00e1ctica inadmisible que continuaremos combatiendo\u201d.<\/p>\n\n\n\n<p>El mensaje de la UNAM se dio minutos despu\u00e9s de que la FES Arag\u00f3n determin\u00f3 que la tesis presentada por la ministra Yasm\u00edn Esquivel en 1987 es una \u201ccopia sustancial\u201d de la presentada en 1986 por el ex alumno de la Facultad de Derecho en la Universidad Nacional Aut\u00f3noma de M\u00e9xico.<\/p>\n\n\n\n<p>La determinaci\u00f3n fue informada el 11 de enero por el Comit\u00e9 de Integridad Acad\u00e9mica y Cient\u00edfica de la FES Arag\u00f3n, para poder emitir el comunicado, se analizaron el texto en los elementos de \u201cdesarrollo, estilo, contenido, temporalidad, congruencia y manejo de la informaci\u00f3n de ambas tesis\u201d.<\/p>\n\n\n\n<p>\u201cEl comit\u00e9 ha elaborado un Dictamen T\u00e9cnico Acad\u00e9mico del cual se desprende que, de la tesis elaborada en 1987 es copia sustancial de la original presentada en 1986 por el exalumno de la Facultad de Derecho\u201d, se pudo leer en el comunicado que se comparti\u00f3 por las v\u00edas institucionales del plantel educativo.<\/p>\n\n\n\n<p>(Informaci\u00f3n de Infobae M\u00e9xico)<\/p>\n","protected":false},"excerpt":{"rendered":"<p>Redacci\u00f3n\/Zona Roja Cdmx. Ciudad de M\u00e9xico, a 11 de enero de 2023.- La Universidad Nacional&hellip;<\/p>\n","protected":false},"author":2,"featured_media":50347,"comment_status":"closed","ping_status":"open","sticky":false,"template":"","format":"standard","meta":{"_lmt_disableupdate":"","_lmt_disable":"","_jetpack_memberships_contains_paid_content":false,"footnotes":""},"categories":[47],"tags":[3361],"class_list":["post-50350","post","type-post","status-publish","format-standard","has-post-thumbnail","hentry","category-zona-gris","tag-yasmin-esquivel-mossa"],"jetpack_featured_media_url":"https:\/\/zonaroja.com.mx\/wp-content\/uploads\/2023\/01\/Ministta-Yasmin-Esquivel-plagio.jpg","jetpack_sharing_enabled":true,"_links":{"self":[{"href":"https:\/\/zonaroja.com.mx\/index.php?rest_route=\/wp\/v2\/posts\/50350","targetHints":{"allow":["GET"]}}],"collection":[{"href":"https:\/\/zonaroja.com.mx\/index.php?rest_route=\/wp\/v2\/posts"}],"about":[{"href":"https:\/\/zonaroja.com.mx\/index.php?rest_route=\/wp\/v2\/types\/post"}],"author":[{"embeddable":true,"href":"https:\/\/zonaroja.com.mx\/index.php?rest_route=\/wp\/v2\/users\/2"}],"replies":[{"embeddable":true,"href":"https:\/\/zonaroja.com.mx\/index.php?rest_route=%2Fwp%2Fv2%2Fcomments&post=50350"}],"version-history":[{"count":1,"href":"https:\/\/zonaroja.com.mx\/index.php?rest_route=\/wp\/v2\/posts\/50350\/revisions"}],"predecessor-version":[{"id":50351,"href":"https:\/\/zonaroja.com.mx\/index.php?rest_route=\/wp\/v2\/posts\/50350\/revisions\/50351"}],"wp:featuredmedia":[{"embeddable":true,"href":"https:\/\/zonaroja.com.mx\/index.php?rest_route=\/wp\/v2\/media\/50347"}],"wp:attachment":[{"href":"https:\/\/zonaroja.com.mx\/index.php?rest_route=%2Fwp%2Fv2%2Fmedia&parent=50350"}],"wp:term":[{"taxonomy":"category","embeddable":true,"href":"https:\/\/zonaroja.com.mx\/index.php?rest_route=%2Fwp%2Fv2%2Fcategories&post=50350"},{"taxonomy":"post_tag","embeddable":true,"href":"https:\/\/zonaroja.com.mx\/index.php?rest_route=%2Fwp%2Fv2%2Ftags&post=50350"}],"curies":[{"name":"wp","href":"https:\/\/api.w.org\/{rel}","templated":true}]}}