{"id":50352,"date":"2023-01-11T20:02:27","date_gmt":"2023-01-12T02:02:27","guid":{"rendered":"http:\/\/www.zonaroja.com.mx\/?p=50352"},"modified":"2023-01-11T20:02:31","modified_gmt":"2023-01-12T02:02:31","slug":"demandan-diputados-a-gobierno-de-jara-auditar-obras-de-circuito-interior","status":"publish","type":"post","link":"https:\/\/zonaroja.com.mx\/?p=50352","title":{"rendered":"Demandan diputados a gobierno de Jara auditar obras de Circuito Interior"},"content":{"rendered":"\n<p>Ismael Garc\u00eda M.\/Zona Roja.<\/p>\n\n\n\n<p>San Raymundo Jalpan, a 11 de enero de 2023.- Tras el hundimiento de m\u00e1s tramos de la obra inaugurada el pasado 30 de noviembre, el pleno del Congreso del Estado aprob\u00f3 un exhorto para exigir al gobierno de Salom\u00f3n Jara que investigue probables irregularidades y fraude en los trabajos del Circuito Interior.<\/p>\n\n\n\n<p>Este martes se dio a conocer que otro tramo \u2014ubicado en la ribera del r\u00edo \u201cAtoyac\u201d, colindante con la antigua f\u00e1brica de triplay, comenz\u00f3 a fracturarse, pese a que es una obra reci\u00e9n concluida; otro tramo, en jurisdicci\u00f3n de la colonia Alem\u00e1n, est\u00e1 cerrado desde hace m\u00e1s de dos meses tambi\u00e9n por da\u00f1os al pavimento.<\/p>\n\n\n\n<p>Con 25 votos a favor y cinco en contra \u2014estos \u00faltimos de los priistas-, los diputados avalaron la propuesta de Liz Matus, legisladora de la bancada de Morena, quien expuso las diversas irregularidades en la obra, que inicia en San Lorenzo Cacaotepec, cruza la ciudad de Oaxaca y concluye en jurisdicci\u00f3n de Santa Cruz Xoxocotl\u00e1n.<\/p>\n\n\n\n<p>Entre otras, cit\u00f3 la baja calidad de los materiales, as\u00ed como \u201cactos y omisiones que constituyen corrupci\u00f3n e irregularidades administrativas de los servidores p\u00fablicos de la administraci\u00f3n de Alejandro Murat Hinojosa\u201d.<\/p>\n\n\n\n<p>Tras exhibir varias fotograf\u00edas con el pavimento cuarteado, expuso que en ello se invirtieron m\u00e1s de 500 millones de pesos pero que \u201cmuestran de cuerpo entero la cara del r\u00e9gimen anterior, un r\u00e9gimen opaco, cuyas pol\u00edticas p\u00fablicas era una fachada para encubrir el lucro obtenido a costa de las obras p\u00fablicas.<\/p>\n\n\n\n<p>\u201cNo es la \u00fanica, pero es la m\u00e1s reciente que presenta estos da\u00f1os; sin importar el detrimento cometido en contra del patrimonio del estado y los riesgos derivados para las personas que transitan\u201d, dijo.<\/p>\n\n\n\n<p>Agreg\u00f3 que a pesar que el gobierno anterior hizo pocas obras sociales, el Circuito Interior es la muestra clara de los \u201celefantes blancos\u201d y del modelo de gobierno.<\/p>\n\n\n\n<p>Tras ello, la Mesa Directiva someti\u00f3 a voto el exhorto, por el que se pide a la Secretar\u00eda de las Infraestructuras y Comunicaciones y la Secretar\u00eda de Honestidad, que se inicie una investigaci\u00f3n a esas obras y en su caso se emitan las recomendaciones correspondientes, contra Javier Lazcano, ex titular de Sinfra, y dem\u00e1s funcionarios que resulten.<\/p>\n\n\n\n<figure class=\"wp-block-embed is-type-rich is-provider-twitter wp-block-embed-twitter\"><div class=\"wp-block-embed__wrapper\">\n<div class=\"twitter-tweet\"><blockquote class=\"twitter-tweet\" data-lang=\"es\"><p lang=\"es\" dir=\"ltr\"><a href=\"https:\/\/twitter.com\/hashtag\/%C3%9AltimoMinuto?src=hash&amp;ref_src=twsrc%5Etfw\">#\u00daltimoMinuto<\/a><br>Con 25 votos, el pleno del <a href=\"https:\/\/twitter.com\/CongresoOaxaca_?ref_src=twsrc%5Etfw\">@CongresoOaxaca_<\/a> aprob\u00f3 hoy un exhorto a instancias del <a href=\"https:\/\/twitter.com\/GobOax?ref_src=twsrc%5Etfw\">@GobOax<\/a> para que se indague, y en su caso castigue, la probable corrupci\u00f3n en las obras del Circuito Interior, que realiz\u00f3 <a href=\"https:\/\/twitter.com\/SINFRA_GobOax?ref_src=twsrc%5Etfw\">@SINFRA_GobOax<\/a>, que estuvo a cargo de <a href=\"https:\/\/twitter.com\/JavierLazcanoV?ref_src=twsrc%5Etfw\">@JavierLazcanoV<\/a>. <a href=\"https:\/\/t.co\/FBDEZMwjQy\">pic.twitter.com\/FBDEZMwjQy<\/a><\/p>&mdash; Zona Roja Oaxaca (@ZonaRoja_Oaxaca) <a href=\"https:\/\/twitter.com\/ZonaRoja_Oaxaca\/status\/1613293751753113600?ref_src=twsrc%5Etfw\">11 de enero de 2023<\/a><\/blockquote><\/div>\n<\/div><\/figure>\n","protected":false},"excerpt":{"rendered":"<p>Ismael Garc\u00eda M.\/Zona Roja. San Raymundo Jalpan, a 11 de enero de 2023.- Tras el&hellip;<\/p>\n","protected":false},"author":2,"featured_media":50353,"comment_status":"closed","ping_status":"open","sticky":false,"template":"","format":"standard","meta":{"_lmt_disableupdate":"","_lmt_disable":"","_jetpack_memberships_contains_paid_content":false,"footnotes":""},"categories":[109,46],"tags":[2743],"class_list":["post-50352","post","type-post","status-publish","format-standard","has-post-thumbnail","hentry","category-minuto-a-minuto","category-zona-blanca","tag-65-legislatura-del-estado-de-oaxaca"],"jetpack_featured_media_url":"https:\/\/zonaroja.com.mx\/wp-content\/uploads\/2023\/01\/Sesion-Congreso-Oaxaca-.jpeg","jetpack_sharing_enabled":true,"_links":{"self":[{"href":"https:\/\/zonaroja.com.mx\/index.php?rest_route=\/wp\/v2\/posts\/50352","targetHints":{"allow":["GET"]}}],"collection":[{"href":"https:\/\/zonaroja.com.mx\/index.php?rest_route=\/wp\/v2\/posts"}],"about":[{"href":"https:\/\/zonaroja.com.mx\/index.php?rest_route=\/wp\/v2\/types\/post"}],"author":[{"embeddable":true,"href":"https:\/\/zonaroja.com.mx\/index.php?rest_route=\/wp\/v2\/users\/2"}],"replies":[{"embeddable":true,"href":"https:\/\/zonaroja.com.mx\/index.php?rest_route=%2Fwp%2Fv2%2Fcomments&post=50352"}],"version-history":[{"count":1,"href":"https:\/\/zonaroja.com.mx\/index.php?rest_route=\/wp\/v2\/posts\/50352\/revisions"}],"predecessor-version":[{"id":50354,"href":"https:\/\/zonaroja.com.mx\/index.php?rest_route=\/wp\/v2\/posts\/50352\/revisions\/50354"}],"wp:featuredmedia":[{"embeddable":true,"href":"https:\/\/zonaroja.com.mx\/index.php?rest_route=\/wp\/v2\/media\/50353"}],"wp:attachment":[{"href":"https:\/\/zonaroja.com.mx\/index.php?rest_route=%2Fwp%2Fv2%2Fmedia&parent=50352"}],"wp:term":[{"taxonomy":"category","embeddable":true,"href":"https:\/\/zonaroja.com.mx\/index.php?rest_route=%2Fwp%2Fv2%2Fcategories&post=50352"},{"taxonomy":"post_tag","embeddable":true,"href":"https:\/\/zonaroja.com.mx\/index.php?rest_route=%2Fwp%2Fv2%2Ftags&post=50352"}],"curies":[{"name":"wp","href":"https:\/\/api.w.org\/{rel}","templated":true}]}}