{"id":50356,"date":"2023-01-11T21:29:44","date_gmt":"2023-01-12T03:29:44","guid":{"rendered":"http:\/\/www.zonaroja.com.mx\/?p=50356"},"modified":"2023-01-11T21:29:48","modified_gmt":"2023-01-12T03:29:48","slug":"intentan-robar-pasteleria-en-la-ciudad-de-oaxaca-con-apoyo-de-taxista","status":"publish","type":"post","link":"https:\/\/zonaroja.com.mx\/?p=50356","title":{"rendered":"Intentan robar pasteler\u00eda en la ciudad de Oaxaca, con apoyo de taxista"},"content":{"rendered":"\n<p>Redacci\u00f3n\/Zona Roja.<\/p>\n\n\n\n<p>Oaxaca de Ju\u00e1rez, Oax., a 11 de enero de 2023.- Dos sujetos, entre ellos un taxista, intentaron asaltar una pasteler\u00eda en la ciudad de Oaxaca; uno d los presuntos delincuentes logr\u00f3 huir de la polic\u00eda municipal.<\/p>\n\n\n\n<p>De acuerdo con la Secretar\u00eda de Seguridad Ciudadana del ayuntamiento capitalino, alrededor de las 11:45 horas recibieron una llamada de auxilio pues en un local comercial ubicado en la calle Zempoalt\u00e9petl un individuo entr\u00f3 a asaltar.&nbsp;<\/p>\n\n\n\n<p>Seg\u00fan narr\u00f3 despu\u00e9s la v\u00edctima, el copiloto de la unidad de motor, tras dialogar con el conductor, ingres\u00f3 al local, leg\u00f3 a donde se encontraba la empleada y le exigi\u00f3 su tel\u00e9fono celular y el dinero de la venta, as\u00ed como le propin\u00f3 dos pu\u00f1etazos en el rostro.<\/p>\n\n\n\n<p>Tras la agresi\u00f3n, la joven grit\u00f3 para pedir ayuda, por lo que el sujeto sali\u00f3 corriendo e intent\u00f3 subir al taxi, pero el conductor lo puso en marcha, por lo que ya no pudo subir y sigui\u00f3 corriendo hacia la calle Meza de An\u00e1huac.<\/p>\n\n\n\n<p>A la llegada de los uniformados, lograron detener al taxista, quien se identific\u00f3 como Augusto F. A. V., de 36 a\u00f1os de edad, y conduc\u00eda la unidad marca Nissan, con placas de circulaci\u00f3n 71-41SJM de Oaxaca, con n\u00famero econ\u00f3mico 00-021 TX-CTRO-003, del sitio \u201cCentral Park\u201d<\/p>\n\n\n\n<p>El veh\u00edculo y el detenido quedaron a disposici\u00f3n de la Fiscal\u00eda General del Estado para determinar su situaci\u00f3n jur\u00eddica; no obstante, el otro probable delincuente logr\u00f3 huir.<\/p>\n","protected":false},"excerpt":{"rendered":"<p>Redacci\u00f3n\/Zona Roja. Oaxaca de Ju\u00e1rez, Oax., a 11 de enero de 2023.- Dos sujetos, entre&hellip;<\/p>\n","protected":false},"author":2,"featured_media":50357,"comment_status":"closed","ping_status":"open","sticky":false,"template":"","format":"standard","meta":{"_lmt_disableupdate":"","_lmt_disable":"","_jetpack_memberships_contains_paid_content":false,"footnotes":""},"categories":[109,47],"tags":[148],"class_list":["post-50356","post","type-post","status-publish","format-standard","has-post-thumbnail","hentry","category-minuto-a-minuto","category-zona-gris","tag-oaxaca-de-juarez"],"jetpack_featured_media_url":"https:\/\/zonaroja.com.mx\/wp-content\/uploads\/2023\/01\/Taxista-asaltante-ciudad-de-Oaxaca.jpg","jetpack_sharing_enabled":true,"_links":{"self":[{"href":"https:\/\/zonaroja.com.mx\/index.php?rest_route=\/wp\/v2\/posts\/50356","targetHints":{"allow":["GET"]}}],"collection":[{"href":"https:\/\/zonaroja.com.mx\/index.php?rest_route=\/wp\/v2\/posts"}],"about":[{"href":"https:\/\/zonaroja.com.mx\/index.php?rest_route=\/wp\/v2\/types\/post"}],"author":[{"embeddable":true,"href":"https:\/\/zonaroja.com.mx\/index.php?rest_route=\/wp\/v2\/users\/2"}],"replies":[{"embeddable":true,"href":"https:\/\/zonaroja.com.mx\/index.php?rest_route=%2Fwp%2Fv2%2Fcomments&post=50356"}],"version-history":[{"count":1,"href":"https:\/\/zonaroja.com.mx\/index.php?rest_route=\/wp\/v2\/posts\/50356\/revisions"}],"predecessor-version":[{"id":50358,"href":"https:\/\/zonaroja.com.mx\/index.php?rest_route=\/wp\/v2\/posts\/50356\/revisions\/50358"}],"wp:featuredmedia":[{"embeddable":true,"href":"https:\/\/zonaroja.com.mx\/index.php?rest_route=\/wp\/v2\/media\/50357"}],"wp:attachment":[{"href":"https:\/\/zonaroja.com.mx\/index.php?rest_route=%2Fwp%2Fv2%2Fmedia&parent=50356"}],"wp:term":[{"taxonomy":"category","embeddable":true,"href":"https:\/\/zonaroja.com.mx\/index.php?rest_route=%2Fwp%2Fv2%2Fcategories&post=50356"},{"taxonomy":"post_tag","embeddable":true,"href":"https:\/\/zonaroja.com.mx\/index.php?rest_route=%2Fwp%2Fv2%2Ftags&post=50356"}],"curies":[{"name":"wp","href":"https:\/\/api.w.org\/{rel}","templated":true}]}}