{"id":50359,"date":"2023-01-12T06:58:00","date_gmt":"2023-01-12T12:58:00","guid":{"rendered":"http:\/\/www.zonaroja.com.mx\/?p=50359"},"modified":"2023-01-12T05:57:48","modified_gmt":"2023-01-12T11:57:48","slug":"congreso-aprueba-por-unanimidad-ley-de-austeridad-para-oaxaca","status":"publish","type":"post","link":"https:\/\/zonaroja.com.mx\/?p=50359","title":{"rendered":"Congreso aprueba por unanimidad Ley de Austeridad para Oaxaca"},"content":{"rendered":"\n<p>Redacci\u00f3n\/Zona Roja.<\/p>\n\n\n\n<p>San Raymundo Jalpan, Oax. 12 de enero de 2023.- Por unanimidad, el Congreso de Oaxaca aprob\u00f3 ayer con 34 votos a favor en lo general y en lo particular, la creaci\u00f3n de la Ley Estatal de Austeridad Republicana, con la cual se busca establecer las bases jur\u00eddicas para fundar un gobierno austero y democr\u00e1tico.\u00a0\u00a0<\/p>\n\n\n\n<p>Esta ley conformada por 29 art\u00edculos surge a iniciativa del gobernador Salom\u00f3n Jara Cruz, quien present\u00f3 su propuesta al Pleno de la 65 Legislatura local.&nbsp;<\/p>\n\n\n\n<p>El presidente de la Junta de Coordinaci\u00f3n Pol\u00edtica (Jucopo), Luis Alfonso Silva Romo, destac\u00f3 que con ello el Congreso de Oaxaca hace historia al aprobar una ley que impulsar\u00e1 la austeridad en el estado, tan necesaria en nuestra realidad para garantizar que el recurso p\u00fablico sea ejercido correctamente, sin malgastarlo ni con privilegios.&nbsp;<\/p>\n\n\n\n<p>Esta ley tiene el objetivo de regular y normar las medidas de austeridad que deber\u00e1n aplicarse en el ejercicio del gasto p\u00fablico estatal y contribuir a que los recursos econ\u00f3micos que se dispongan se administren con eficacia, eficiencia, econom\u00eda, transparencia y honradez, conforme a la ley.<\/p>\n\n\n\n<p>En la iniciativa aprobada, el gobernador de Oaxaca, Salom\u00f3n Jara Cruz, argument\u00f3 que con esta ley \u201cning\u00fan servidor p\u00fablico podr\u00e1 beneficiarse del cargo que ostente, salvo en lo que se refiere a la retribuci\u00f3n leg\u00edtima y razonable por su trabajo, se termina con la asignaci\u00f3n abusiva, unilateral y discrecional de privilegios, oficinas, veh\u00edculos, mobiliario, equipos de comunicaci\u00f3n, vi\u00e1ticos, entre otras medidas, con la finalidad de reorientar los recursos a los distintos programas sociales dise\u00f1ados para atender las necesidades de los grupos en mayor situaci\u00f3n de abandono y vulnerabilidad\u201d.&nbsp;&nbsp;<\/p>\n\n\n\n<p>Entrar\u00e1 en vigor al d\u00eda siguiente de su publicaci\u00f3n en el Peri\u00f3dico Oficial del Gobierno de Oaxaca. Y sus disposiciones ser\u00e1n aplicables a todas las dependencias, entidades, organismos auxiliares y dem\u00e1s que integran la administraci\u00f3n p\u00fablica estatal. Los Poderes Legislativo y Judicial, los \u00f3rganos constitucionales aut\u00f3nomos y los municipios tambi\u00e9n deber\u00e1n de tomar las acciones necesarias para cumplir la ley.<\/p>\n\n\n\n<p>(Comunicado)<\/p>\n\n\n\n<figure class=\"wp-block-embed is-type-rich is-provider-twitter wp-block-embed-twitter\"><div class=\"wp-block-embed__wrapper\">\n<div class=\"twitter-tweet\"><blockquote class=\"twitter-tweet\" data-lang=\"es\"><p lang=\"es\" dir=\"ltr\"><a href=\"https:\/\/twitter.com\/hashtag\/%C3%9AltimoMinuto?src=hash&amp;ref_src=twsrc%5Etfw\">#\u00daltimoMinuto<\/a><br>Tambi\u00e9n con 34 votos, el pleno del <a href=\"https:\/\/twitter.com\/CongresoOaxaca_?ref_src=twsrc%5Etfw\">@CongresoOaxaca_<\/a> aprob\u00f3 la Ley de Austeridad, iniciativa del gobernador <a href=\"https:\/\/twitter.com\/salomonj?ref_src=twsrc%5Etfw\">@salomonj<\/a>. <a href=\"https:\/\/t.co\/SiEzUPGsO3\">pic.twitter.com\/SiEzUPGsO3<\/a><\/p>&mdash; Zona Roja Oaxaca (@ZonaRoja_Oaxaca) <a href=\"https:\/\/twitter.com\/ZonaRoja_Oaxaca\/status\/1613317156753625092?ref_src=twsrc%5Etfw\">11 de enero de 2023<\/a><\/blockquote><\/div>\n<\/div><\/figure>\n","protected":false},"excerpt":{"rendered":"<p>Redacci\u00f3n\/Zona Roja. San Raymundo Jalpan, Oax. 12 de enero de 2023.- Por unanimidad, el Congreso&hellip;<\/p>\n","protected":false},"author":2,"featured_media":50360,"comment_status":"closed","ping_status":"open","sticky":false,"template":"","format":"standard","meta":{"_lmt_disableupdate":"","_lmt_disable":"","_jetpack_memberships_contains_paid_content":false,"footnotes":""},"categories":[109,46],"tags":[2721],"class_list":["post-50359","post","type-post","status-publish","format-standard","has-post-thumbnail","hentry","category-minuto-a-minuto","category-zona-blanca","tag-luis-alfonso-silva-romo"],"jetpack_featured_media_url":"https:\/\/zonaroja.com.mx\/wp-content\/uploads\/2023\/01\/FOTO1-Congreso-de-Oaxaca-hace-historia-aprueba-la-creacion-de-la-Ley-Estatal-de-Austeridad.jpg","jetpack_sharing_enabled":true,"_links":{"self":[{"href":"https:\/\/zonaroja.com.mx\/index.php?rest_route=\/wp\/v2\/posts\/50359","targetHints":{"allow":["GET"]}}],"collection":[{"href":"https:\/\/zonaroja.com.mx\/index.php?rest_route=\/wp\/v2\/posts"}],"about":[{"href":"https:\/\/zonaroja.com.mx\/index.php?rest_route=\/wp\/v2\/types\/post"}],"author":[{"embeddable":true,"href":"https:\/\/zonaroja.com.mx\/index.php?rest_route=\/wp\/v2\/users\/2"}],"replies":[{"embeddable":true,"href":"https:\/\/zonaroja.com.mx\/index.php?rest_route=%2Fwp%2Fv2%2Fcomments&post=50359"}],"version-history":[{"count":2,"href":"https:\/\/zonaroja.com.mx\/index.php?rest_route=\/wp\/v2\/posts\/50359\/revisions"}],"predecessor-version":[{"id":50363,"href":"https:\/\/zonaroja.com.mx\/index.php?rest_route=\/wp\/v2\/posts\/50359\/revisions\/50363"}],"wp:featuredmedia":[{"embeddable":true,"href":"https:\/\/zonaroja.com.mx\/index.php?rest_route=\/wp\/v2\/media\/50360"}],"wp:attachment":[{"href":"https:\/\/zonaroja.com.mx\/index.php?rest_route=%2Fwp%2Fv2%2Fmedia&parent=50359"}],"wp:term":[{"taxonomy":"category","embeddable":true,"href":"https:\/\/zonaroja.com.mx\/index.php?rest_route=%2Fwp%2Fv2%2Fcategories&post=50359"},{"taxonomy":"post_tag","embeddable":true,"href":"https:\/\/zonaroja.com.mx\/index.php?rest_route=%2Fwp%2Fv2%2Ftags&post=50359"}],"curies":[{"name":"wp","href":"https:\/\/api.w.org\/{rel}","templated":true}]}}