{"id":50368,"date":"2023-01-12T08:20:00","date_gmt":"2023-01-12T14:20:00","guid":{"rendered":"http:\/\/www.zonaroja.com.mx\/?p=50368"},"modified":"2023-01-12T06:43:12","modified_gmt":"2023-01-12T12:43:12","slug":"crimen-organizado-detras-de-atentado-contra-ciro-gomez-leyva","status":"publish","type":"post","link":"https:\/\/zonaroja.com.mx\/?p=50368","title":{"rendered":"Crimen organizado, detr\u00e1s de atentado contra Ciro G\u00f3mez Leyva"},"content":{"rendered":"\n<p>Redacci\u00f3n\/Zona Roja Cdmx.<\/p>\n\n\n\n<p>Ciudad de M\u00e9xico, a 12 de enero de 2023.- Como parte de las investigaciones sobre el atentado contra el periodista Ciro G\u00f3mez Leyva, se logr\u00f3 la detenci\u00f3n de 11 presuntos implicados (seis hombres y cinco mujeres) en los hechos registrados el pasado 15 de diciembre de 2022, confirm\u00f3 la mandataria capitalina, Claudia Sheinbuam.<\/p>\n\n\n\n<p>La jefa de Gobierno de la Ciudad de M\u00e9xico detall\u00f3 que los ahora detenidos han sido identificados como autores materiales del ataque, seg\u00fan las diligencias realizadas hasta el momento. \u201cEstos 11 presuntos responsables est\u00e1n vinculados con la autor\u00eda material a los hechos y contin\u00faa la investigaci\u00f3n para dar con los dem\u00e1s responsables\u201d, agreg\u00f3.<\/p>\n\n\n\n<p>Fue en la madrugada de este mi\u00e9rcoles 11 de enero cuando elementos de la Secretar\u00eda de Seguridad Ciudadana (SSC) y de la Fiscal\u00eda Capitalina realizaron 12 cateos simult\u00e1neos en diferentes puntos de la capital. Durante estas acciones se aseguraron siete armas cortas, cuatro largas, 150 cartuchos \u00fatiles de diversos calibres, m\u00e1s de mil dosis de droga, cinco motocicletas, un veh\u00edculo blindado y animales ex\u00f3ticos (tres perros lobo y un mapache).<\/p>\n\n\n\n<p>En conferencia de prensa, el titular de la SSC, Omar Garc\u00eda Harfuch, dio mayores detalles sobre la c\u00e9lula criminal que estar\u00eda detr\u00e1s del ataque armado y explic\u00f3 el modus operandi que llevaron a cabo. Sin embargo, hasta el momento falta determinar el m\u00f3vil del atentado.<\/p>\n\n\n\n<p>De acuerdo con la informaci\u00f3n difundida por las autoridades capitalinas, la agresi\u00f3n armada hacia Ciro G\u00f3mez Leyva habr\u00eda sido perpetrada por un grupo criminal liderado por un sujeto identificado como Pedro Pool \u201cN\u201d, quien lleva a cabo sus actividades delictivas en la Ciudad de M\u00e9xico y el Estado de M\u00e9xico.<\/p>\n\n\n\n<p>Dicha c\u00e9lula se dedica a la extorsi\u00f3n a comerciantes, narcomenudeo y homicidios, adem\u00e1s de que tambi\u00e9n perpetran asesinatos contra integrantes de la misma c\u00e9lula \u201cpor supuestas represalias a las \u00f3rdenes no acatadas\u201d, indic\u00f3 Harfuch. Sus principales zonas de operaci\u00f3n son Iztacalco y Venustiano Carranza, donde cuentan con casas de seguridad donde almacenan armamento y droga.<\/p>\n\n\n\n<p>Las personas detenidas fueron identificadas como Daniela \u201cN\u201d (pareja sentimental de Pedro Pool), Erick Hazael \u201cN\u201d, Juan Antonio \u201cN\u201d, alias Dedos (quien portaba la misma chamarra cuando ocurri\u00f3 el ataque) , Sergio David \u201cN\u201d, Israel \u201cN\u201d, Tanya Jaqueline \u201cN\u201d, Aniceto \u201cN\u201d, Cinthia Yeyetci \u201cN\u201d, Elizabeth Mirelia \u201cN\u201d y Junnuen Albeli \u201cN\u201d. Al menos seis de ellos habr\u00edan estado f\u00edsicamente en el lugar del atentado.<\/p>\n\n\n\n<p>CON ANTECEDENTES<\/p>\n\n\n\n<p>El secretario de Seguridad Ciudadana indic\u00f3 que ya Pedro Pool ya ten\u00eda antecedentes criminales por extorsi\u00f3n y narcomenudeo, seg\u00fan trabajos de inteligencia. Sin embargo, indic\u00f3 que ser\u00e1 hasta que el detenido d\u00e9 sus declaraciones cuando se obtenga mayor informaci\u00f3n sobre sus antecedentes delictivos.<\/p>\n\n\n\n<p>Debido a que en los inmuebles cateados se encontraron diversas gorras con las siglas de diferentes c\u00e1rteles de la droga, como el de Sinaloa y Jalisco Nueva Generaci\u00f3n (CJNG), surgi\u00f3 la duda si la c\u00e9lula liderada por Pedro Pool estar\u00eda vinculada con estas organizaciones criminales. Respecto a ello, Harfuch no lo descart\u00f3, pero tampoco lo confirm\u00f3, pues ser\u00e1 hasta los resultados de las diligencias cuando se determinen estos posibles nexos.<\/p>\n\n\n\n<p>\u201cLos tenemos identificados como una c\u00e9lula local de Ciudad de M\u00e9xico y Estado de M\u00e9xico. Ya determinaremos si tienen alg\u00fan tipo de comunicaci\u00f3n. Como sabemos, es muy frecuente que c\u00e9lulas criminales de la Ciudad de M\u00e9xico usen nombres del C\u00e1rtel de Sinaloa y del C\u00e1rtel Jalisco simplemente por tener alg\u00fan v\u00ednculo de comunicaci\u00f3n y no porque sean parte de ellos. No queremos especular\u201d<\/p>\n\n\n\n<p>Por su parte, la fiscal General de Justicia de la CDMX, Ernestina Godoy Ramos, advirti\u00f3 que \u201cse llegar\u00e1 al fondo de este caso\u201d. Asimismo, adelant\u00f3 que las 11 personas detenidas ser\u00e1n presentadas ante un juez de control para que se decida su situaci\u00f3n jur\u00eddica (dentro las pr\u00f3ximas 48 horas), \u201cpor los delitos efectuados en flagrancia\u201d.<\/p>\n\n\n\n<p>En cuanto a motivos o causas del atentado, se indic\u00f3 que se informar\u00e1 conforme al avance de las investigaciones, las cuales contin\u00faan en curso.<\/p>\n\n\n\n<p>(Informaci\u00f3n de Infobae M\u00e9xico)<\/p>\n","protected":false},"excerpt":{"rendered":"<p>Redacci\u00f3n\/Zona Roja Cdmx. Ciudad de M\u00e9xico, a 12 de enero de 2023.- Como parte de&hellip;<\/p>\n","protected":false},"author":2,"featured_media":50365,"comment_status":"closed","ping_status":"open","sticky":false,"template":"","format":"standard","meta":{"_lmt_disableupdate":"","_lmt_disable":"","_jetpack_memberships_contains_paid_content":false,"footnotes":""},"categories":[109,46],"tags":[3354],"class_list":["post-50368","post","type-post","status-publish","format-standard","has-post-thumbnail","hentry","category-minuto-a-minuto","category-zona-blanca","tag-ciro-gomez-leyva"],"jetpack_featured_media_url":"https:\/\/zonaroja.com.mx\/wp-content\/uploads\/2023\/01\/Detenidos-caso-Ciro-Gomez-Leyva.jpeg","jetpack_sharing_enabled":true,"_links":{"self":[{"href":"https:\/\/zonaroja.com.mx\/index.php?rest_route=\/wp\/v2\/posts\/50368","targetHints":{"allow":["GET"]}}],"collection":[{"href":"https:\/\/zonaroja.com.mx\/index.php?rest_route=\/wp\/v2\/posts"}],"about":[{"href":"https:\/\/zonaroja.com.mx\/index.php?rest_route=\/wp\/v2\/types\/post"}],"author":[{"embeddable":true,"href":"https:\/\/zonaroja.com.mx\/index.php?rest_route=\/wp\/v2\/users\/2"}],"replies":[{"embeddable":true,"href":"https:\/\/zonaroja.com.mx\/index.php?rest_route=%2Fwp%2Fv2%2Fcomments&post=50368"}],"version-history":[{"count":1,"href":"https:\/\/zonaroja.com.mx\/index.php?rest_route=\/wp\/v2\/posts\/50368\/revisions"}],"predecessor-version":[{"id":50369,"href":"https:\/\/zonaroja.com.mx\/index.php?rest_route=\/wp\/v2\/posts\/50368\/revisions\/50369"}],"wp:featuredmedia":[{"embeddable":true,"href":"https:\/\/zonaroja.com.mx\/index.php?rest_route=\/wp\/v2\/media\/50365"}],"wp:attachment":[{"href":"https:\/\/zonaroja.com.mx\/index.php?rest_route=%2Fwp%2Fv2%2Fmedia&parent=50368"}],"wp:term":[{"taxonomy":"category","embeddable":true,"href":"https:\/\/zonaroja.com.mx\/index.php?rest_route=%2Fwp%2Fv2%2Fcategories&post=50368"},{"taxonomy":"post_tag","embeddable":true,"href":"https:\/\/zonaroja.com.mx\/index.php?rest_route=%2Fwp%2Fv2%2Ftags&post=50368"}],"curies":[{"name":"wp","href":"https:\/\/api.w.org\/{rel}","templated":true}]}}