{"id":5037,"date":"2019-10-22T14:48:56","date_gmt":"2019-10-22T19:48:56","guid":{"rendered":"https:\/\/www.zonaroja.com.mx\/?p=5037"},"modified":"2019-10-22T14:48:58","modified_gmt":"2019-10-22T19:48:58","slug":"crean-consejo-interreligioso-de-oaxaca-reiteran-rechazo-al-matrimonio-igualitario-y-al-aborto","status":"publish","type":"post","link":"https:\/\/zonaroja.com.mx\/?p=5037","title":{"rendered":"Crean Consejo Interreligioso de Oaxaca; reiteran rechazo al matrimonio igualitario y al aborto"},"content":{"rendered":"\n<p>Redacci\u00f3n\/Zona Roja.<\/p>\n\n\n\n<p>&nbsp;Oaxaca de Ju\u00e1rez, Oax., 22 de octubre de 2019.-&nbsp;\u201cOaxaca es un estado de creyentes y en ejercicio de nuestra libertad, defendemos la libertad del matrimonio entre hombre y mujer\u201d, aseguraron&nbsp;<a href=\"\/\/0\">este martes<\/a>&nbsp;diversas organizaciones religiosas en la entidad, pese a que desde hace dos mes aprob\u00f3 la uni\u00f3n legal entre personas del mismo sexo.<\/p>\n\n\n\n<p>Lo anterior en el marco de la presentaci\u00f3n del Consejo Interreligioso del Estado de Oaxaca, conformado por diversas representaciones religiosas con el objetivo de incidir en la sociedad en temas de inter\u00e9s com\u00fan, tal y como lo refirieron en un encuentro con medios de comunicaci\u00f3n.<\/p>\n\n\n\n<p>Durante su conferencia de prensa, Jos\u00e9 Aldivar R\u00edos, en representaci\u00f3n de los grupos que conforman el consejo, se manifest\u00f3 en contra del matrimonio igualitario al asegurar que la familia es ordenada e instituida por Dios, por lo que insisti\u00f3 en lo esencial de que sea un hombre y una mujer los pilares de la instituci\u00f3n y sean quienes cr\u00eden a sus propias hijas e hijos, pronunci\u00e1ndose as\u00ed en contra de la adopci\u00f3n de menores de edad por parte de parejas del mismo sexo.<\/p>\n\n\n\n<p>Al abogar por el respeto y la tolerancia religiosa, detall\u00f3 que defienden la vida de cualquier ser humano desde el momento de su concepci\u00f3n y el derecho a la objeci\u00f3n de conciencia, premisas que ha sido utilizadas recientemente por quienes se oponen a la interrupci\u00f3n del embarazo, que desde el pasado 25 de septiembre es legal en Oaxaca, previo&nbsp;<a href=\"\/\/2\">a las&nbsp;<\/a>12&nbsp;semanas de gestaci\u00f3n de las mujeres.&nbsp;<\/p>\n\n\n\n<p>En este sentido, explic\u00f3 que est\u00e1n comprometidos con la promoci\u00f3n y la defensa de los derechos humanos, relacionados con la libertad religiosa, la objeci\u00f3n de conciencia y los valores ciudadanos para garantizar una convivencia pacifica y armoniosa.<\/p>\n\n\n\n<p>Y aunque evitaron en todo momento enunciar como tal su rechazo al matrimonio igualitario y la interrupci\u00f3n legal del embarazo, los dirige del consejo aseguraron que posteriormente dentro de la agenda del grupo&nbsp;reci\u00e9n&nbsp;conformado, se discutir\u00e1n las acciones a seguir para defender la uni\u00f3n legal entre un hombre y una mujer, as\u00ed como frenar la despenalizaci\u00f3n del aborto.<\/p>\n\n\n\n<p>Finalmente reconocieron que en la entidad oaxaque\u00f1a a\u00fan existen conflictos religiosos que incluso se han tornado en enfrentamientos violentos que afectan a familias y localidades enteras,&nbsp;&nbsp;por lo que es necesario hacer un frente com\u00fan para defender su derecho a profesar cualquier tipo de fe como lo marcan las leyes locales y nacionales.<\/p>\n\n\n\n<p>\u201cDecidimos juntarnos para defender nuestro derecho a la fe que profesamos cada uno de nosotros, mismo que esta garantizado en la Constituci\u00f3n Pol\u00edtica de M\u00e9xico\u201d, explicaron, a lar que aseguraron que actualmente el 92.7 por ciento de la poblaci\u00f3n en el pa\u00eds profesa alg\u00fan tipo de fe o creencia, por lo que tienen la representaci\u00f3n de m\u00e1s el 90 por ciento de las y los habitantes de Oaxaca.<\/p>\n\n\n\n<p>El Consejo Interreligioso del Estado de Oaxaca esta conformado por la Iglesia Doxa Internacional Asociacion Religiosa,&nbsp;Arquidi\u00f3cesis&nbsp;de Antequera Oaxaca, Convivencia Regional Bautista de Oaxaca, Iglesia de Jesucritso de los Santos de los \u00daltimos D\u00edas, Iglesia Nacional&nbsp;Presbiteriana, Iglesia del Nazareno, Iglesia Comunidades de Fe, entre otras.&nbsp;&nbsp;<br class=\"Apple-interchange-newline\" \/><\/p>\n\n\n\n<p><\/p>\n","protected":false},"excerpt":{"rendered":"<p>Redacci\u00f3n\/Zona Roja. &nbsp;Oaxaca de Ju\u00e1rez, Oax., 22 de octubre de 2019.-&nbsp;\u201cOaxaca es un estado de&hellip;<\/p>\n","protected":false},"author":2,"featured_media":5036,"comment_status":"closed","ping_status":"open","sticky":false,"template":"","format":"standard","meta":{"_lmt_disableupdate":"","_lmt_disable":"","_jetpack_memberships_contains_paid_content":false,"footnotes":""},"categories":[1],"tags":[],"class_list":["post-5037","post","type-post","status-publish","format-standard","has-post-thumbnail","hentry","category-sin-categoria"],"jetpack_featured_media_url":"https:\/\/zonaroja.com.mx\/wp-content\/uploads\/2019\/10\/img_0684.jpg","jetpack_sharing_enabled":true,"_links":{"self":[{"href":"https:\/\/zonaroja.com.mx\/index.php?rest_route=\/wp\/v2\/posts\/5037","targetHints":{"allow":["GET"]}}],"collection":[{"href":"https:\/\/zonaroja.com.mx\/index.php?rest_route=\/wp\/v2\/posts"}],"about":[{"href":"https:\/\/zonaroja.com.mx\/index.php?rest_route=\/wp\/v2\/types\/post"}],"author":[{"embeddable":true,"href":"https:\/\/zonaroja.com.mx\/index.php?rest_route=\/wp\/v2\/users\/2"}],"replies":[{"embeddable":true,"href":"https:\/\/zonaroja.com.mx\/index.php?rest_route=%2Fwp%2Fv2%2Fcomments&post=5037"}],"version-history":[{"count":1,"href":"https:\/\/zonaroja.com.mx\/index.php?rest_route=\/wp\/v2\/posts\/5037\/revisions"}],"predecessor-version":[{"id":5038,"href":"https:\/\/zonaroja.com.mx\/index.php?rest_route=\/wp\/v2\/posts\/5037\/revisions\/5038"}],"wp:featuredmedia":[{"embeddable":true,"href":"https:\/\/zonaroja.com.mx\/index.php?rest_route=\/wp\/v2\/media\/5036"}],"wp:attachment":[{"href":"https:\/\/zonaroja.com.mx\/index.php?rest_route=%2Fwp%2Fv2%2Fmedia&parent=5037"}],"wp:term":[{"taxonomy":"category","embeddable":true,"href":"https:\/\/zonaroja.com.mx\/index.php?rest_route=%2Fwp%2Fv2%2Fcategories&post=5037"},{"taxonomy":"post_tag","embeddable":true,"href":"https:\/\/zonaroja.com.mx\/index.php?rest_route=%2Fwp%2Fv2%2Ftags&post=5037"}],"curies":[{"name":"wp","href":"https:\/\/api.w.org\/{rel}","templated":true}]}}