{"id":50370,"date":"2023-01-12T10:30:00","date_gmt":"2023-01-12T16:30:00","guid":{"rendered":"http:\/\/www.zonaroja.com.mx\/?p=50370"},"modified":"2023-01-12T06:54:50","modified_gmt":"2023-01-12T12:54:50","slug":"opinion-no-escupas-al-cielo","status":"publish","type":"post","link":"https:\/\/zonaroja.com.mx\/?p=50370","title":{"rendered":"Opini\u00f3n. No escupas al cielo"},"content":{"rendered":"\n<p>N\u00e9stor Y. S\u00e1nchez Islas<\/p>\n\n\n\n<p>As\u00ed le dice la sabidur\u00eda popular a lo que los polit\u00f3logos, desde Arist\u00f3teles, le llaman demagogia. Este inicio de a\u00f1o, como nunca, le ha ca\u00eddo en la cara al r\u00e9gimen en el poder.<\/p>\n\n\n\n<p>Desde las promesas de bajar el precio de la gasolina a diez pesos, acabar con la corrupci\u00f3n, el amiguismo o el compadrazgo, la superioridad moral, los abrazos y no balazos y la ahora muy&nbsp;recordada&nbsp;declaraci\u00f3n ma\u00f1anera de que no se&nbsp;volver\u00edan&nbsp;a ametrallar personas desde los helic\u00f3pteros, pero lo hicieron para capturar a Ovidio Guzm\u00e1n.&nbsp;Todas esas declaraciones, y muchas m\u00e1s, son producto de la imprudencia y de la falta de responsabilidad c\u00edvica.&nbsp;Las redes sociales est\u00e1n inundadas de frases, discursos y mensajes que ilustran como lo que escupieron en campa\u00f1a hoy lo reciben en el rostro.<\/p>\n\n\n\n<p>El demagogo vive de adular a la gente, por ello los insultos contra las clases medias, los intelectuales&nbsp;o&nbsp;los empresarios. Para la gente de la calle escuchar esas diatribas desde el palacio nacional y en boca del presidente es como recibir&nbsp;caricias en los o\u00eddos. \u201cNo me vengan con que la ley es la ley\u201d, una de las frases con que lo recordar\u00e1 la historia es una muestra de como el demagogo coloca los deseos populares por encima de la ley, por eso la falta de Estado de Derecho en nuestra vida cotidiana, por eso el desprecio al orden jur\u00eddico.<\/p>\n\n\n\n<p>El demagogo adula al pueblo para obtener el poder absoluto. Su necedad en erosionar las instituciones o de plano desaparecerlas es, en el fondo, su deseo de convertirse en un tirano. Al dominar el discurso adulador&nbsp;dirigido a&nbsp;las clases populares y desvirtuar la verdad domina al pa\u00eds. Como dice la canci\u00f3n: \u201cel problema no es que mienta, el problema es que le crean\u201d.<\/p>\n\n\n\n<p>COMUNICACI\u00d3N SOCIAL<\/p>\n\n\n\n<p>La \u201cprimavera oaxaque\u00f1a\u201d ha tenido&nbsp;varios&nbsp;tropiezos y tempraneros esc\u00e1ndalos. Desde el nepotismo justificado desde el palacio de gobierno hasta las m\u00e9dicas que se hacen pasar por doctoras. Pero esto queda&nbsp;como peque\u00f1o detalle ante el atentado contra el derecho a la informaci\u00f3n cometido desde la oficina respectiva del palacio.<\/p>\n\n\n\n<p>Justific\u00e1ndose en la aplicaci\u00f3n de un orden para las ma\u00f1aneras oaxaque\u00f1as, la oficina en cuesti\u00f3n public\u00f3 una serie de reglas que pueden definirse muy bien con una sola palabra: discriminaci\u00f3n. As\u00ed es, desde el palacio de gobierno.<\/p>\n\n\n\n<p>Para acceder a las \u201cconferencias\u201d lanzan una serie de&nbsp;condiciones, como los d\u00edas en que deber\u00e1n acreditarse los reporteros, las horas en que se les permitir\u00e1 la entrada, el lugar que les asignar\u00e1n, una especie de gayola, es decir, por all\u00e1 atr\u00e1s, donde no estorben. Lo delicado es el trato discriminatorio que&nbsp;restringe las acreditaciones&nbsp;a quienes tengan \u201cfan page\u201d de alguna red social, pero con un m\u00ednimo de 15 mil seguidores.&nbsp;Esta restricci\u00f3n es el abierto desaire contra el derecho humano y constitucional a la informaci\u00f3n, contra el que podr\u00edan ampararse quienes no reciban el dichoso gafete.<\/p>\n\n\n\n<p>Deber\u00edan saber que la informaci\u00f3n se transforma en cultura. \u201cEl derecho a la informaci\u00f3n no se reduce a la transmisi\u00f3n del dato fr\u00edo,&nbsp;sino tambi\u00e9n de una noble y generosa dimensi\u00f3n humana que lo proyecta como creador de obras y cultura\u201d, como lo se\u00f1ala la AMEDI en su portal web. Y agrega que con ella se construye la civilizaci\u00f3n&nbsp;y&nbsp;se dise\u00f1an sistemas jur\u00eddicos, sociales y culturales.<\/p>\n\n\n\n<p>El derecho a la informaci\u00f3n se coloc\u00f3 a nivel constitucional en M\u00e9xico en el sexenio de Jos\u00e9 L\u00f3pez Portillo. Fue letra muerta hasta la llegada de Vicente Fox a Los Pinos&nbsp;que lo reglament\u00f3&nbsp;y&nbsp;cre\u00f3&nbsp;los institutos de transparencia y acceso a la informaci\u00f3n, mismos&nbsp;que hoy intenta desaparecer la mal llamada cuarta transformaci\u00f3n&nbsp;en su \u00e1nimo totalitario.<\/p>\n\n\n\n<p>El derecho a la informaci\u00f3n se basa en tres aspectos importantes: el derecho a atraerse la informaci\u00f3n; el derecho a informar y el derecho a ser informado.<\/p>\n\n\n\n<p>El derecho a atraerse la informaci\u00f3n es lo que vulneran al discriminar a medios con menos de 15 mil seguidores, lo que tambi\u00e9n indica que este gobierno busca la superficial popularidad en lugar de la trascendencia informativa.&nbsp;El derecho de los reporteros a atraerse la informaci\u00f3n se ve coartado al someterlosal rasero de su popularidad, lo que termina siendo discriminaci\u00f3n que puede ejemplificarse con medios informativos de peque\u00f1as comunidades del interior del estado que no cuentan con la difusi\u00f3n de los medios&nbsp;de las grandes ciudades, y cuyos usuarios no ser\u00e1n informados debido a las pol\u00edticas excluyentes del primaveral gobierno.<\/p>\n\n\n\n<p>El gobierno no debe restringir el trabajo de medios&nbsp;inc\u00f3modos&nbsp;a trav\u00e9s de&nbsp;v\u00edas indirectas, como el caso de poner un m\u00ednimo de popularidad para ser acreditado.&nbsp;Popularidad de un medio no significa calidad y veracidad de su informaci\u00f3n.&nbsp;Deben tener en cuenta que&nbsp;\u201cel derecho a la informaci\u00f3n es&nbsp;un derecho universal,&nbsp;interdependiente, indivisible y progresivo&nbsp;y, por tanto, en lugar de ser atacado debe ser tutelado por el Estado\u201d.<\/p>\n\n\n\n<p>\u201cLos medios de comunicaci\u00f3n son los que materializan la libertad de expresi\u00f3n\u201d.&nbsp;La pluralidad es&nbsp;incluyente.<\/p>\n\n\n\n<p>Twitter @nestoryuri<\/p>\n","protected":false},"excerpt":{"rendered":"<p>N\u00e9stor Y. S\u00e1nchez Islas As\u00ed le dice la sabidur\u00eda popular a lo que los polit\u00f3logos,&hellip;<\/p>\n","protected":false},"author":2,"featured_media":41861,"comment_status":"closed","ping_status":"open","sticky":false,"template":"","format":"standard","meta":{"_lmt_disableupdate":"","_lmt_disable":"","_jetpack_memberships_contains_paid_content":false,"footnotes":""},"categories":[456,109],"tags":[3050],"class_list":["post-50370","post","type-post","status-publish","format-standard","has-post-thumbnail","hentry","category-columna","category-minuto-a-minuto","tag-nestor-yuri-sanchez"],"jetpack_featured_media_url":"https:\/\/zonaroja.com.mx\/wp-content\/uploads\/2022\/05\/Opinion-Nestor-Yuri-Sanchez-Islas.jpg","jetpack_sharing_enabled":true,"_links":{"self":[{"href":"https:\/\/zonaroja.com.mx\/index.php?rest_route=\/wp\/v2\/posts\/50370","targetHints":{"allow":["GET"]}}],"collection":[{"href":"https:\/\/zonaroja.com.mx\/index.php?rest_route=\/wp\/v2\/posts"}],"about":[{"href":"https:\/\/zonaroja.com.mx\/index.php?rest_route=\/wp\/v2\/types\/post"}],"author":[{"embeddable":true,"href":"https:\/\/zonaroja.com.mx\/index.php?rest_route=\/wp\/v2\/users\/2"}],"replies":[{"embeddable":true,"href":"https:\/\/zonaroja.com.mx\/index.php?rest_route=%2Fwp%2Fv2%2Fcomments&post=50370"}],"version-history":[{"count":1,"href":"https:\/\/zonaroja.com.mx\/index.php?rest_route=\/wp\/v2\/posts\/50370\/revisions"}],"predecessor-version":[{"id":50371,"href":"https:\/\/zonaroja.com.mx\/index.php?rest_route=\/wp\/v2\/posts\/50370\/revisions\/50371"}],"wp:featuredmedia":[{"embeddable":true,"href":"https:\/\/zonaroja.com.mx\/index.php?rest_route=\/wp\/v2\/media\/41861"}],"wp:attachment":[{"href":"https:\/\/zonaroja.com.mx\/index.php?rest_route=%2Fwp%2Fv2%2Fmedia&parent=50370"}],"wp:term":[{"taxonomy":"category","embeddable":true,"href":"https:\/\/zonaroja.com.mx\/index.php?rest_route=%2Fwp%2Fv2%2Fcategories&post=50370"},{"taxonomy":"post_tag","embeddable":true,"href":"https:\/\/zonaroja.com.mx\/index.php?rest_route=%2Fwp%2Fv2%2Ftags&post=50370"}],"curies":[{"name":"wp","href":"https:\/\/api.w.org\/{rel}","templated":true}]}}