{"id":50372,"date":"2023-01-12T11:09:00","date_gmt":"2023-01-12T17:09:00","guid":{"rendered":"http:\/\/www.zonaroja.com.mx\/?p=50372"},"modified":"2023-01-12T07:25:25","modified_gmt":"2023-01-12T13:25:25","slug":"la-mitad-de-activistas-asesinados-en-mexico-en-2022-son-de-oaxaca","status":"publish","type":"post","link":"https:\/\/zonaroja.com.mx\/?p=50372","title":{"rendered":"La mitad de activistas asesinados en M\u00e9xico en 2022, son de Oaxaca"},"content":{"rendered":"\n<p>Ismael Garc\u00eda M.\/Zona Roja.<\/p>\n\n\n\n<p>Oaxaca de Ju\u00e1rez, Oax., a 12 de enero de 2023.- De 22 activistas y defensores de derechos humanos asesinados el a\u00f1o pasado en M\u00e9xico, 10 de esos cr\u00edmenes ocurrieron en Oaxaca.<\/p>\n\n\n\n<p>As\u00ed lo establece el informe del Comit\u00e9 Cerezo, dado a conocer ayer, que remarca que la mayor\u00eda de estos hechos delictivos est\u00e1n ligados a motivos pol\u00edticos.<\/p>\n\n\n\n<p>En el caso de esta entidad, los defensores asesinados en el a\u00f1o 2022, el \u00faltimo del gobierno de Alejandro Murat Hinojosa, son el ambientalista N\u00e9stor Merino, Luciano P\u00e9rez, Humberto Valdovino, Crisp\u00edn Reyes, Pedro V\u00e1squez, \u00c1lvaro Sebasti\u00e1n, Mariano Cruz, Filogonio Mart\u00ednez, Jes\u00fas Garc\u00eda Mart\u00ednez y Ana Cristina Mart\u00ednez Garc\u00eda.<\/p>\n\n\n\n<p>En este \u00faltimo caso, la mujer muri\u00f3 el pasado 20 de diciembre luego de cuatro meses de ser herida en una emboscada en el municipio de Santiago Juxtlahuaca, en donde recibi\u00f3 un disparo en la cabeza.<\/p>\n\n\n\n<p>El ataque en el que result\u00f3 herida de gravedad la joven de 18 a\u00f1os fue registrado el 8 de agosto y por los hechos se responsabiliz\u00f3 a Marcos Garc\u00eda de Jes\u00fas, l\u00edder del Movimiento del MULTI.<\/p>\n\n\n\n<p>Durante la emboscada fue asesinado Mariano Cruz Garc\u00eda y seis mujeres resultaron con heridas de distinta gravedad.<\/p>\n\n\n\n<p>En tanto que Oaxaca acumula 10 casos, Puebla registra tres y Michoac\u00e1n dos; Tlaxcala, Sinaloa, Morelos, Hidalgo, Guerrero, Chihuahua y Baja California, con un caso.<\/p>\n\n\n\n<p>\u00ab(Las ejecuciones) fueron cometidas por motivos pol\u00edticos; es decir, como una forma de castigo por la actividad de defensa o ejercicio de alg\u00fan derecho humano que las personas defensoras de derechos humanos estaban realizando\u00bb, detalla el documento del Comit\u00e9 Cerezo.<\/p>\n","protected":false},"excerpt":{"rendered":"<p>Ismael Garc\u00eda M.\/Zona Roja. Oaxaca de Ju\u00e1rez, Oax., a 12 de enero de 2023.- De&hellip;<\/p>\n","protected":false},"author":2,"featured_media":50373,"comment_status":"closed","ping_status":"open","sticky":false,"template":"","format":"standard","meta":{"_lmt_disableupdate":"","_lmt_disable":"","_jetpack_memberships_contains_paid_content":false,"footnotes":""},"categories":[109,47],"tags":[3390],"class_list":["post-50372","post","type-post","status-publish","format-standard","has-post-thumbnail","hentry","category-minuto-a-minuto","category-zona-gris","tag-defensores-y-activistas-asesinados"],"jetpack_featured_media_url":"https:\/\/zonaroja.com.mx\/wp-content\/uploads\/2023\/01\/Defensores-activistas-asesinados.jpeg","jetpack_sharing_enabled":true,"_links":{"self":[{"href":"https:\/\/zonaroja.com.mx\/index.php?rest_route=\/wp\/v2\/posts\/50372","targetHints":{"allow":["GET"]}}],"collection":[{"href":"https:\/\/zonaroja.com.mx\/index.php?rest_route=\/wp\/v2\/posts"}],"about":[{"href":"https:\/\/zonaroja.com.mx\/index.php?rest_route=\/wp\/v2\/types\/post"}],"author":[{"embeddable":true,"href":"https:\/\/zonaroja.com.mx\/index.php?rest_route=\/wp\/v2\/users\/2"}],"replies":[{"embeddable":true,"href":"https:\/\/zonaroja.com.mx\/index.php?rest_route=%2Fwp%2Fv2%2Fcomments&post=50372"}],"version-history":[{"count":2,"href":"https:\/\/zonaroja.com.mx\/index.php?rest_route=\/wp\/v2\/posts\/50372\/revisions"}],"predecessor-version":[{"id":50375,"href":"https:\/\/zonaroja.com.mx\/index.php?rest_route=\/wp\/v2\/posts\/50372\/revisions\/50375"}],"wp:featuredmedia":[{"embeddable":true,"href":"https:\/\/zonaroja.com.mx\/index.php?rest_route=\/wp\/v2\/media\/50373"}],"wp:attachment":[{"href":"https:\/\/zonaroja.com.mx\/index.php?rest_route=%2Fwp%2Fv2%2Fmedia&parent=50372"}],"wp:term":[{"taxonomy":"category","embeddable":true,"href":"https:\/\/zonaroja.com.mx\/index.php?rest_route=%2Fwp%2Fv2%2Fcategories&post=50372"},{"taxonomy":"post_tag","embeddable":true,"href":"https:\/\/zonaroja.com.mx\/index.php?rest_route=%2Fwp%2Fv2%2Ftags&post=50372"}],"curies":[{"name":"wp","href":"https:\/\/api.w.org\/{rel}","templated":true}]}}