{"id":50376,"date":"2023-01-12T09:20:00","date_gmt":"2023-01-12T15:20:00","guid":{"rendered":"http:\/\/www.zonaroja.com.mx\/?p=50376"},"modified":"2023-01-12T07:52:43","modified_gmt":"2023-01-12T13:52:43","slug":"otro-ejecutado-en-la-primavera-oaxaquena-ahora-en-ejutla","status":"publish","type":"post","link":"https:\/\/zonaroja.com.mx\/?p=50376","title":{"rendered":"Otro ejecutado en la \u201cprimavera oaxaque\u00f1a\u201d, ahora en Ejutla"},"content":{"rendered":"\n<p>Redacci\u00f3n\/Zona Roja.<\/p>\n\n\n\n<p>Oaxaca de Ju\u00e1rez, Oax., a 12 de enero de 2023.- Los cr\u00edmenes contin\u00faan ocurriendo de manera cotidiana en Oaxaca y ahora un caso se registr\u00f3 en el municipio de Ejutla de Crespo.<\/p>\n\n\n\n<p>Ayer por la tarde fue descubierto el cuerpo sin vida de una persona del sexo masculino, con varios impactos de arma de fuego, identificado posteriormente como Antonio V. S., de 34 a\u00f1os de edad.<\/p>\n\n\n\n<p>Fue localizado en el camino de terracer\u00eda a la agencia de San Joaqu\u00edn y hasta el momento se desconoce el m\u00f3vil del crimen. Personal de la Fiscal\u00eda General del Estado inici\u00f3 las primeras indagatorias.<\/p>\n\n\n\n<p>PRESUNTO PARRICIDA<\/p>\n\n\n\n<p>Por otra parte, de acuerdo con las primera indagatorias de la Agencia Estatal de Investigaciones (AEI), dependiente de la Fiscal\u00eda General, un adolescente habr\u00eda asesinado a sus familiares, un hombre y dos mujeres, en Santa Cruz Xoxocotl\u00e1n.<\/p>\n\n\n\n<p>Los hechos ocurrieron la madrugada del pasado lunes y tras las indagatorias fue detenido M. E. J. C., de 17 a\u00f1os de edad, quien est\u00e1 acusado de asesinar a su padre Dar\u00edo J. M., de 54 a\u00f1os de edad; su madre Gloria A. C., y su hermana Diana Isabel J., de 23 a\u00f1os, quien reci\u00e9n hab\u00eda terminado su carrera de Arquitectura.<\/p>\n\n\n\n<p>El m\u00f3vil habr\u00eda sido la disputa de un predio en la colonia La Soledad, donde ocurri\u00f3 el triple homicidio, en que tambi\u00e9n estar\u00eda involucrado una mujer, a\u00fan no identificada.<\/p>\n","protected":false},"excerpt":{"rendered":"<p>Redacci\u00f3n\/Zona Roja. Oaxaca de Ju\u00e1rez, Oax., a 12 de enero de 2023.- Los cr\u00edmenes contin\u00faan&hellip;<\/p>\n","protected":false},"author":2,"featured_media":50377,"comment_status":"closed","ping_status":"open","sticky":false,"template":"","format":"standard","meta":{"_lmt_disableupdate":"","_lmt_disable":"","_jetpack_memberships_contains_paid_content":false,"footnotes":""},"categories":[109,51],"tags":[702],"class_list":["post-50376","post","type-post","status-publish","format-standard","has-post-thumbnail","hentry","category-minuto-a-minuto","category-zona-roja","tag-ejutla-de-crespo"],"jetpack_featured_media_url":"https:\/\/zonaroja.com.mx\/wp-content\/uploads\/2023\/01\/Asesinado-Ejutla-de-Crespo.jpg","jetpack_sharing_enabled":true,"_links":{"self":[{"href":"https:\/\/zonaroja.com.mx\/index.php?rest_route=\/wp\/v2\/posts\/50376","targetHints":{"allow":["GET"]}}],"collection":[{"href":"https:\/\/zonaroja.com.mx\/index.php?rest_route=\/wp\/v2\/posts"}],"about":[{"href":"https:\/\/zonaroja.com.mx\/index.php?rest_route=\/wp\/v2\/types\/post"}],"author":[{"embeddable":true,"href":"https:\/\/zonaroja.com.mx\/index.php?rest_route=\/wp\/v2\/users\/2"}],"replies":[{"embeddable":true,"href":"https:\/\/zonaroja.com.mx\/index.php?rest_route=%2Fwp%2Fv2%2Fcomments&post=50376"}],"version-history":[{"count":1,"href":"https:\/\/zonaroja.com.mx\/index.php?rest_route=\/wp\/v2\/posts\/50376\/revisions"}],"predecessor-version":[{"id":50378,"href":"https:\/\/zonaroja.com.mx\/index.php?rest_route=\/wp\/v2\/posts\/50376\/revisions\/50378"}],"wp:featuredmedia":[{"embeddable":true,"href":"https:\/\/zonaroja.com.mx\/index.php?rest_route=\/wp\/v2\/media\/50377"}],"wp:attachment":[{"href":"https:\/\/zonaroja.com.mx\/index.php?rest_route=%2Fwp%2Fv2%2Fmedia&parent=50376"}],"wp:term":[{"taxonomy":"category","embeddable":true,"href":"https:\/\/zonaroja.com.mx\/index.php?rest_route=%2Fwp%2Fv2%2Fcategories&post=50376"},{"taxonomy":"post_tag","embeddable":true,"href":"https:\/\/zonaroja.com.mx\/index.php?rest_route=%2Fwp%2Fv2%2Ftags&post=50376"}],"curies":[{"name":"wp","href":"https:\/\/api.w.org\/{rel}","templated":true}]}}