{"id":50379,"date":"2023-01-12T09:53:00","date_gmt":"2023-01-12T15:53:00","guid":{"rendered":"http:\/\/www.zonaroja.com.mx\/?p=50379"},"modified":"2023-01-12T08:09:39","modified_gmt":"2023-01-12T14:09:39","slug":"pide-diputada-capacitar-a-policias-ante-agresiones-en-carceles-municipales","status":"publish","type":"post","link":"https:\/\/zonaroja.com.mx\/?p=50379","title":{"rendered":"Pide diputada capacitar a polic\u00edas, ante agresiones en c\u00e1rceles municipales"},"content":{"rendered":"\n<p>Redacci\u00f3n\/Zona Roja.<\/p>\n\n\n\n<p>San Raymundo Jalpan, Oax. 12 de enero de 2023.- Ante las graves violaciones a los derechos humanos de las mujeres que son detenidas y encerradas en c\u00e1rceles municipales, que incluso han originado muertes, el Congreso del Estado de Oaxaca aprob\u00f3 un exhorto para que la autoridad estatal capacite a los polic\u00edas municipales.<\/p>\n\n\n\n<p>Fue la diputada Mariana Ben\u00edtez Tiburcio quien present\u00f3 el Punto de Acuerdo, aprobado con 31 votos por el pleno de urgente y obvia resoluci\u00f3n, para que el Secretariado Ejecutivo del Sistema Estatal de Seguridad P\u00fablica&nbsp;(SESESP), desarrolle en un breve plazo los protocolos correspondientes para&nbsp;regular la actuaci\u00f3n policial y el uso de la fuerza con perspectiva de g\u00e9nero.<\/p>\n\n\n\n<p>\u201cEs una situaci\u00f3n m\u00e1s recurrente de lo que imaginamos, aqu\u00ed se denunci\u00f3 el caso de Abigail Hay Urrutia en Salina Cruz y el de Alicia del Carmen Hern\u00e1ndez en Jalapa del Marqu\u00e9s y muchas otras mujeres que han sufrido golpes, agresiones\u201d, indic\u00f3 en tribuna.<\/p>\n\n\n\n<p>Durante la sesi\u00f3n de ayer, remarc\u00f3 que estos casos no son aislados, sino son consecuencia de una violencia institucional que se encuentra normalizada en las instituciones de seguridad p\u00fablica, pero particularmente en las policiales.<\/p>\n\n\n\n<p>Por ello, apunt\u00f3, es de suma importancia que este organismo emita lineamientos para la seguridad en las c\u00e1rceles o separos municipales, adem\u00e1s de coordinar y promover de manera urgente la capacitaci\u00f3n de las instituciones de seguridad p\u00fablica estatal y municipal en materia de sensibilizaci\u00f3n y perspectiva de g\u00e9nero.<\/p>\n\n\n\n<p>Detall\u00f3 que, de acuerdo con la Defensor\u00eda de los Derechos Humanos del Pueblo de Oaxaca (DDHPO), en los \u00faltimos dos a\u00f1os se registraron 538 quejas por violaciones humanas cometidas por elementos de las polic\u00edas locales, mientras que del 2015 al 2022 se documentaron 19 muertes en c\u00e1rceles municipales\u201d, detall\u00f3.<\/p>\n\n\n\n<p>La diputada local, Mariana Ben\u00edtez Tiburcio revel\u00f3 que seg\u00fan la Encuesta Nacional de Victimizaci\u00f3n y Percepci\u00f3n de Seguridad (EVIPE 2022), la polic\u00eda municipal ocupa el segundo lugar entre las instituciones con mayor percepci\u00f3n de desconfianza.<\/p>\n\n\n\n<figure class=\"wp-block-embed is-type-rich is-provider-twitter wp-block-embed-twitter\"><div class=\"wp-block-embed__wrapper\">\n<div class=\"twitter-tweet\"><blockquote class=\"twitter-tweet\" data-lang=\"es\"><p lang=\"es\" dir=\"ltr\"><a href=\"https:\/\/twitter.com\/hashtag\/%C3%9AltimoMinuto?src=hash&amp;ref_src=twsrc%5Etfw\">#\u00daltimoMinuto<\/a><br>Con 31 votos, el pleno del <a href=\"https:\/\/twitter.com\/CongresoOaxaca_?ref_src=twsrc%5Etfw\">@CongresoOaxaca_<\/a> aprob\u00f3 un exhorto de la diputada <a href=\"https:\/\/twitter.com\/marianabenitezt?ref_src=twsrc%5Etfw\">@marianabenitezt<\/a>, dirigido al <a href=\"https:\/\/twitter.com\/SESESP_GobOax?ref_src=twsrc%5Etfw\">@SESESP_GobOax<\/a> para que se capacite al personal policial municipal, ante actuaciones arbitrarias con saldo fatal para las mujeres detenidas. <a href=\"https:\/\/t.co\/ny20vwcYyZ\">pic.twitter.com\/ny20vwcYyZ<\/a><\/p>&mdash; Zona Roja Oaxaca (@ZonaRoja_Oaxaca) <a href=\"https:\/\/twitter.com\/ZonaRoja_Oaxaca\/status\/1613304920173694977?ref_src=twsrc%5Etfw\">11 de enero de 2023<\/a><\/blockquote><\/div>\n<\/div><\/figure>\n\n\n\n<p>\u201cEl Punto de Acuerdo que propongo, no solo trata el tema de la sensibilizaci\u00f3n y capacitaci\u00f3n de elementos policiales adscritos a las pocas unidades de g\u00e9nero existentes denominadas \u2018Mujer Segura\u2019, sino de todas las organizaciones de seguridad p\u00fablica, tanto estatales como municipales existentes\u201d, afirm\u00f3.<\/p>\n\n\n\n<p>La legisladora indic\u00f3 que desde 2011 existe una Ley Estatal que regula el uso de la fuerza, adem\u00e1s de un protocolo de actuaci\u00f3n policial; sin embargo, estos ya se encuentran desfasados y no est\u00e1n armonizados con la Ley Nacional del Uso de la Fuerza emitida en 2019.<\/p>\n\n\n\n<p>\u201cEs urgente poner en marcha un programa que cambie las actitudes y estereotipos de g\u00e9nero que han permitido perpetuar la discriminaci\u00f3n y la violencia contra las mujeres; para lograrlo es necesario identificar la divisi\u00f3n sexual del trabajo dentro de las polic\u00edas y hacer conciencia que se deben erradicar las posiciones privilegiadas de la masculinidad y asimetr\u00edas de poder\u201d, extern\u00f3.<\/p>\n\n\n\n<p>MODIFICACI\u00d3N PENAL<\/p>\n\n\n\n<p>En este marco, la diputada local Mariana Ben\u00edtez, tambi\u00e9n present\u00f3 una iniciativa para reformar el C\u00f3digo Penal del Estado de Oaxaca, para eliminar como requisitos la existencia de un domicilio familiar, debido a que representa un obst\u00e1culo para acreditar este delito.&nbsp;<\/p>\n\n\n\n<p>\u201cNo podemos dejar que la interpretaci\u00f3n judicial o ministerial de la frase \u201cdentro o fuera del domicilio familiar\u201d establecida en el art\u00edculo 404 del C\u00f3digo Penal, se impone como elemento del delito, lo cual significa una barrera para el acceso a la justicia; obst\u00e1culo que podemos eliminar desde el trabajo legislativo\u201d, asever\u00f3.<\/p>\n\n\n\n<p>La legisladora local expuso que de acuerdo a las estad\u00edsticas de la Fiscal\u00eda General del Estado de Oaxaca, durante 2017 se iniciaron m\u00e1s de 4 mil 800 carpetas de investigaci\u00f3n por el delito de violencia familiar, y en el 2021 se abrieron m\u00e1s de 6 mil 800 casos.<\/p>\n\n\n\n<p>\u201cAnte este panorama es importante puntualizar que la violencia familiar es una antesala del feminicidio, puesto que, si estas conductas violentas no se detienen a tiempo, crean una espiral ascendente que en muchas ocasiones concluye con la muerte de mujeres, principalmente en manos de sus parejas o exparejas\u201d, concluy\u00f3.<\/p>\n\n\n\n<figure class=\"wp-block-embed is-type-rich is-provider-twitter wp-block-embed-twitter\"><div class=\"wp-block-embed__wrapper\">\n<div class=\"twitter-tweet\"><blockquote class=\"twitter-tweet\" data-lang=\"es\"><p lang=\"es\" dir=\"ltr\"><a href=\"https:\/\/twitter.com\/hashtag\/%C3%9AltimoMinuto?src=hash&amp;ref_src=twsrc%5Etfw\">#\u00daltimoMinuto<\/a><br>En la sesi\u00f3n del <a href=\"https:\/\/twitter.com\/CongresoOaxaca_?ref_src=twsrc%5Etfw\">@CongresoOaxaca_<\/a>, la diputada <a href=\"https:\/\/twitter.com\/marianabenitezt?ref_src=twsrc%5Etfw\">@marianabenitezt<\/a> present\u00f3 una iniciativa para reformar el C\u00f3digo Penal del Estado, para eliminar la existencia de un domicilio familiar como elemento para sancionar la violencia familiar, que se ha incrementado. <a href=\"https:\/\/t.co\/Ku9uhVa3uo\">pic.twitter.com\/Ku9uhVa3uo<\/a><\/p>&mdash; Zona Roja Oaxaca (@ZonaRoja_Oaxaca) <a href=\"https:\/\/twitter.com\/ZonaRoja_Oaxaca\/status\/1613284970474119168?ref_src=twsrc%5Etfw\">11 de enero de 2023<\/a><\/blockquote><\/div>\n<\/div><\/figure>\n","protected":false},"excerpt":{"rendered":"<p>Redacci\u00f3n\/Zona Roja. San Raymundo Jalpan, Oax. 12 de enero de 2023.- Ante las graves violaciones&hellip;<\/p>\n","protected":false},"author":2,"featured_media":50380,"comment_status":"closed","ping_status":"open","sticky":false,"template":"","format":"standard","meta":{"_lmt_disableupdate":"","_lmt_disable":"","_jetpack_memberships_contains_paid_content":false,"footnotes":""},"categories":[109,46],"tags":[2969],"class_list":["post-50379","post","type-post","status-publish","format-standard","has-post-thumbnail","hentry","category-minuto-a-minuto","category-zona-blanca","tag-mariana-benitez-tiburcio"],"jetpack_featured_media_url":"https:\/\/zonaroja.com.mx\/wp-content\/uploads\/2023\/01\/Mariana-Benitez.jpg","jetpack_sharing_enabled":true,"_links":{"self":[{"href":"https:\/\/zonaroja.com.mx\/index.php?rest_route=\/wp\/v2\/posts\/50379","targetHints":{"allow":["GET"]}}],"collection":[{"href":"https:\/\/zonaroja.com.mx\/index.php?rest_route=\/wp\/v2\/posts"}],"about":[{"href":"https:\/\/zonaroja.com.mx\/index.php?rest_route=\/wp\/v2\/types\/post"}],"author":[{"embeddable":true,"href":"https:\/\/zonaroja.com.mx\/index.php?rest_route=\/wp\/v2\/users\/2"}],"replies":[{"embeddable":true,"href":"https:\/\/zonaroja.com.mx\/index.php?rest_route=%2Fwp%2Fv2%2Fcomments&post=50379"}],"version-history":[{"count":1,"href":"https:\/\/zonaroja.com.mx\/index.php?rest_route=\/wp\/v2\/posts\/50379\/revisions"}],"predecessor-version":[{"id":50381,"href":"https:\/\/zonaroja.com.mx\/index.php?rest_route=\/wp\/v2\/posts\/50379\/revisions\/50381"}],"wp:featuredmedia":[{"embeddable":true,"href":"https:\/\/zonaroja.com.mx\/index.php?rest_route=\/wp\/v2\/media\/50380"}],"wp:attachment":[{"href":"https:\/\/zonaroja.com.mx\/index.php?rest_route=%2Fwp%2Fv2%2Fmedia&parent=50379"}],"wp:term":[{"taxonomy":"category","embeddable":true,"href":"https:\/\/zonaroja.com.mx\/index.php?rest_route=%2Fwp%2Fv2%2Fcategories&post=50379"},{"taxonomy":"post_tag","embeddable":true,"href":"https:\/\/zonaroja.com.mx\/index.php?rest_route=%2Fwp%2Fv2%2Ftags&post=50379"}],"curies":[{"name":"wp","href":"https:\/\/api.w.org\/{rel}","templated":true}]}}