{"id":50382,"date":"2023-01-12T17:30:00","date_gmt":"2023-01-12T23:30:00","guid":{"rendered":"http:\/\/www.zonaroja.com.mx\/?p=50382"},"modified":"2023-01-12T17:47:23","modified_gmt":"2023-01-12T23:47:23","slug":"pend1-7","status":"publish","type":"post","link":"https:\/\/zonaroja.com.mx\/?p=50382","title":{"rendered":"\u201cYo s\u00e9 que tu gallina la est\u00e1 regando mucho\u201d; Sheinbaum en el Congreso"},"content":{"rendered":"\n<p>Yuridiana Sosa\/Zona Roja.<\/p>\n\n\n\n<p>Oaxaca de Ju\u00e1rez, Oax., 12 de enero de 2023.- \u201cNo estamos aqu\u00ed para quedar bien con la Jefa de Gobierno (Claudia Sheinbaum)\u201d, \u201cyo s\u00e9 diputado que hay nerviosismos, su gallina la est\u00e1 regando mucho\u201d.<\/p>\n\n\n\n<p>Diputados de la 65 Legislatura de Oaxaca ocuparon m\u00e1s de 20 minutos de la sesi\u00f3n ordinaria de este mi\u00e9rcoles para discutir sobre la problem\u00e1tica en torno al choque de la L\u00ednea 3 del Metro de la Ciudad de M\u00e9xico.<\/p>\n\n\n\n<p>Ello por el inter\u00e9s de legisladores de Morena por defender el desempe\u00f1o de la Jefa de Gobierno de la Ciudad de M\u00e9xico, Claudia Sheinbaum Pardo, destapada como aspirante a la presidencia de la Rep\u00fablica.<\/p>\n\n\n\n<p>La propuesta de un Punto de Acuerdo por el diputado C\u00e9sar Mateos Ben\u00edtez, dio pie a cr\u00edticas de diputadas del PAN, PRI y PRD.<\/p>\n\n\n\n<p>Aplausos, dimes y diretes, risas y hasta comentarios sarc\u00e1sticos rompieron con la seriedad de la sesi\u00f3n, incluso en plena votaci\u00f3n.<\/p>\n\n\n\n<p>\u201cNo estamos aqu\u00ed para quedar bien con la Jefa de Gobierno\u201d, \u201cYo s\u00e9 diputado que hay nerviosismos, su gallina la est\u00e1 regando mucho\u201d, fueron algunas de las expresiones de Natividad D\u00edaz, del PAN, sobre el tema en la sesi\u00f3n.<\/p>\n\n\n\n<p>LA PROPUESTA Y R\u00c9PLICAS<\/p>\n\n\n\n<p>La serenidad de la sesi\u00f3n termin\u00f3 en el punto 32 del orden del d\u00eda, en el que el diputado C\u00e9sar Mateos present\u00f3 la proposici\u00f3n con punto de acuerdo por el que \u201cla 65 Legislaci\u00f3n de Oaxaca expresa sus condolencias a la familia de la joven estudiante Yaretzi &nbsp;Adriana Hern\u00e1ndez y su solidaridad con las dem\u00e1s personas que resultaron lesionadas en el tr\u00e1gico accidente de la l\u00ednea tres del Metro de la Ciudad de M\u00e9xico, externando su convicci\u00f3n de que las autoridades har\u00e1n justicia, as\u00ed mismo se exhorta atentamente a los dirigentes nacionales del PAN, PRI y PRD a mostrar un m\u00ednimo de respeto hacia las v\u00edctimas y dejar de intentar lucrar con esta tragedia\u201d.<\/p>\n\n\n\n<p>El legislador que hace meses se quiso separar de la bancada de Morena agreg\u00f3 que \u201ca pesar de que todav\u00eda se desconocen las causas y circunstancias del accidente, de inmediato diversos actores pol\u00edticos de oposici\u00f3n aprovecharon la tragedia para atacar a la Jefa de Gobierno de la Ciudad de M\u00e9xico y la cuarta transformaci\u00f3n\u201d.<\/p>\n\n\n\n<p>Tras la votaci\u00f3n para que se considerara de urgente y obvia resoluci\u00f3n, la diputada Natividad D\u00edaz Jim\u00e9nez del PAN tom\u00f3 la palabra para darle una c\u00e1tedra a su hom\u00f3logo morenista sobre la legislaci\u00f3n y su cr\u00edtica al problema en la capital del pa\u00eds sobre el sistema de transporte Metro conforme a las omisiones del gobierno.<\/p>\n\n\n\n<p>D\u00edaz Jim\u00e9nez aclar\u00f3, para empezar, que el Reglamento del Congreso define que un Punto de Acuerdo es aquella \u201csituaciones de relevancia social, pol\u00edtica, econ\u00f3mica, cultural en el que se ve inmerso una comunidad o un grupo particular o relacionado a los poderes del estado\u201d.<\/p>\n\n\n\n<p>Enseguida se\u00f1al\u00f3 que lo presentado por el morenista no se trataba de un punto de acuerdo, sino una narraci\u00f3n de hechos de otra entidad libre y soberana, donde las autoridades realizan investigaciones, mismas que pueden alcanzar en alg\u00fan momento a la jefa de Gobierno de la Ciudad de M\u00e9xico por acci\u00f3n u omisi\u00f3n.<\/p>\n\n\n\n<p>\u201cNo estamos aqu\u00ed para quedar bien con la Jefa de Gobierno, mejor un\u00e1monos a lo que realmente le est\u00e1 fallando a la ciudadan\u00eda mexicana, y es que perm\u00edtame hacer la siguiente precisi\u00f3n, hasta el 2018 exist\u00eda un fondo de capitalidad para aportar a la Ciudad de M\u00e9xico\u201d.<\/p>\n\n\n\n<p>La legisladora realiz\u00f3 otras observaciones al punto de acuerdo, y hasta propuso que distinto hubiera sido que el diputado nos hubiera presentado un punto de acuerdo en que exhortaba a la Secretar\u00eda de Hacienda y Cr\u00e9dito P\u00fablico para que considerara nuevamente el fondo de capitalidad \u201cy no venir aqu\u00ed a hacer espect\u00e1culos pol\u00edticos, a dar nombres en contra de otros partidos que hoy no est\u00e1n representando este gobierno y la incapacidad de su jefa de Gobierno\u201d.<\/p>\n\n\n\n<p>LUCRAN CON DOLOR<\/p>\n\n\n\n<p>Desde la tribuna, D\u00edaz Jim\u00e9nez revir\u00f3 a Morena a que no se lucre con el dolor ajeno y no se confundan con el tema pol\u00edtico.<\/p>\n\n\n\n<p>\u201cS\u00e9 que est\u00e1n preocupados por el futuro pol\u00edtico\u2026\u00bfAhora nos vamos a volver jueces de la Ciudad de M\u00e9xico?\u00bfDe otros estados cuando no podemos ni resolver los problemas de Oaxaca?&#8230;(la Jefa de Gobierno) Ella se puede defender solita. ella puede hacer su campa\u00f1a.&nbsp; Mejor exhortamos al Senado que la mande a llamar y que de informe en c\u00f3mo se est\u00e1 gastando el recurso y dejemos de estar de queda bien\u201d, puntualiz\u00f3 la diputada.<\/p>\n\n\n\n<p>Los aplausos se escucharon para la panista y de inmediato Matos Ben\u00edtez respondi\u00f3, se\u00f1alando que la diputada no comprendi\u00f3 el punto de acuerdo, pero agreg\u00f3: \u201cFinalmente nos vamos a ver en el 2024\u201d.<\/p>\n\n\n\n<p>La diputada del PRI Mar\u00eda Luisa Matus, tambi\u00e9n emiti\u00f3 su posicionamiento. \u201cEs extra\u00f1o que los que se dec\u00edan de izquierda hoy tengan la piel sensible ante los se\u00f1alamientos de las omisiones y acciones que cometen los funcionarios p\u00fablicos\u201d. As\u00ed tambi\u00e9n lo realiz\u00f3 la diputada del PRD, Ysabel Herrera Molina.<\/p>\n\n\n\n<p>\u201cES GALLO NO GALLINA\u201d<\/p>\n\n\n\n<p>A punto de emitir la votaci\u00f3n siguieron los dimes y diretes.<\/p>\n\n\n\n<p>Ante el intento de Morena de callar la opini\u00f3n de Natividad D\u00edaz, la diputada respondi\u00f3: \u201cEs mucho m\u00e1s penoso que estemos discutiendo problemas de una entidad soberana y que tiene&nbsp; su propia asamblea\u201d.<\/p>\n\n\n\n<p>Y agreg\u00f3: \u201cYo s\u00e9 diputado que hay nerviosismo, su gallina la est\u00e1 regando mucho. Aguantemos las cr\u00edticas de lo que estamos haciendo los de la oposici\u00f3n\u201d.<\/p>\n\n\n\n<p>Sobre la votaci\u00f3n, la voz de un diputado intervino: \u201cNada para aclarar a la diputada del PAN, yo traigo gallo no gallina\u201d.<\/p>\n\n\n\n<p>Finalmente, el punto de acuerdo qued\u00f3 aprobado con 25 votos y cinco en contra.<\/p>\n\n\n\n<p><\/p>\n","protected":false},"excerpt":{"rendered":"<p>Yuridiana Sosa\/Zona Roja. Oaxaca de Ju\u00e1rez, Oax., 12 de enero de 2023.- \u201cNo estamos aqu\u00ed&hellip;<\/p>\n","protected":false},"author":2,"featured_media":50386,"comment_status":"closed","ping_status":"open","sticky":false,"template":"","format":"standard","meta":{"_lmt_disableupdate":"","_lmt_disable":"","_jetpack_memberships_contains_paid_content":false,"footnotes":""},"categories":[109,47],"tags":[2743,2387],"class_list":["post-50382","post","type-post","status-publish","format-standard","has-post-thumbnail","hentry","category-minuto-a-minuto","category-zona-gris","tag-65-legislatura-del-estado-de-oaxaca","tag-cesar-mateos-benitez"],"jetpack_featured_media_url":"https:\/\/zonaroja.com.mx\/wp-content\/uploads\/2023\/01\/Cesar-Mateos-y-Natividad-Diaz.jpg","jetpack_sharing_enabled":true,"_links":{"self":[{"href":"https:\/\/zonaroja.com.mx\/index.php?rest_route=\/wp\/v2\/posts\/50382","targetHints":{"allow":["GET"]}}],"collection":[{"href":"https:\/\/zonaroja.com.mx\/index.php?rest_route=\/wp\/v2\/posts"}],"about":[{"href":"https:\/\/zonaroja.com.mx\/index.php?rest_route=\/wp\/v2\/types\/post"}],"author":[{"embeddable":true,"href":"https:\/\/zonaroja.com.mx\/index.php?rest_route=\/wp\/v2\/users\/2"}],"replies":[{"embeddable":true,"href":"https:\/\/zonaroja.com.mx\/index.php?rest_route=%2Fwp%2Fv2%2Fcomments&post=50382"}],"version-history":[{"count":2,"href":"https:\/\/zonaroja.com.mx\/index.php?rest_route=\/wp\/v2\/posts\/50382\/revisions"}],"predecessor-version":[{"id":50388,"href":"https:\/\/zonaroja.com.mx\/index.php?rest_route=\/wp\/v2\/posts\/50382\/revisions\/50388"}],"wp:featuredmedia":[{"embeddable":true,"href":"https:\/\/zonaroja.com.mx\/index.php?rest_route=\/wp\/v2\/media\/50386"}],"wp:attachment":[{"href":"https:\/\/zonaroja.com.mx\/index.php?rest_route=%2Fwp%2Fv2%2Fmedia&parent=50382"}],"wp:term":[{"taxonomy":"category","embeddable":true,"href":"https:\/\/zonaroja.com.mx\/index.php?rest_route=%2Fwp%2Fv2%2Fcategories&post=50382"},{"taxonomy":"post_tag","embeddable":true,"href":"https:\/\/zonaroja.com.mx\/index.php?rest_route=%2Fwp%2Fv2%2Ftags&post=50382"}],"curies":[{"name":"wp","href":"https:\/\/api.w.org\/{rel}","templated":true}]}}