{"id":50384,"date":"2023-01-12T19:11:00","date_gmt":"2023-01-13T01:11:00","guid":{"rendered":"http:\/\/www.zonaroja.com.mx\/?p=50384"},"modified":"2023-01-12T19:17:28","modified_gmt":"2023-01-13T01:17:28","slug":"pend2-7","status":"publish","type":"post","link":"https:\/\/zonaroja.com.mx\/?p=50384","title":{"rendered":"Tiene Jara su primera marcha de normalistas; insisten en contrataci\u00f3n directa"},"content":{"rendered":"\n<p>Yuridiana Sosa\/Zona Roja.<\/p>\n\n\n\n<p>Oaxaca de Ju\u00e1rez, Oax., 12 de enero de 2022.- Cientos de estudiantes de las 11 Escuelas Normales de Oaxaca marcharon por primera vez en el sexenio de Salom\u00f3n Jara Cruz, para entregar su pliego de peticiones a fin de conseguir contrataci\u00f3n directa.<\/p>\n\n\n\n<p>Con una numerosa convocatoria, encabezada por estudiantes egresados de la generaci\u00f3n 2018-2022, los normalistas se movilizaron este jueves desde el crucero de la antigua sede del Instituto Estatal de Educaci\u00f3n P\u00fablica de Oaxaca (IEEPO), sobre la carretera Internacional 190, al z\u00f3calo de la capital.<\/p>\n\n\n\n<p>Los futuros maestros de Oaxaca se\u00f1alaron que la contrataci\u00f3n para los egresados se ve estancada por diferentes intereses pol\u00edticos, sin considerar las necesidades educativas de las escuelas de educaci\u00f3n b\u00e1sica del estado.<\/p>\n\n\n\n<p>Por lo que rechazan el mecanismo de la Unidad para el Sistema de la Carrera de las Maestras y los Maestros (USICAMM) para la contrataci\u00f3n de docentes por medio de una evaluaci\u00f3n y exigen la contrataci\u00f3n directa e inmediata de los egresados.<\/p>\n\n\n\n<p>Es por eso que tambi\u00e9n manifestaron que no autorizan la utilizaci\u00f3n de los datos personales de algunos de los normalistas para el proceso de contrataci\u00f3n ligado al USICAMM.<\/p>\n\n\n\n<p>Para conseguir sus objetivos, los estudiantes demandaron el respaldo de la Secci\u00f3n 22 del Sindicato Nacional de Trabajadores de la Educaci\u00f3n y de cada nivel de educaci\u00f3n b\u00e1sica de la entidad.<\/p>\n\n\n\n<p>En esta ocasi\u00f3n la manifestaci\u00f3n transcurri\u00f3 en orden a pasar de la numerosa presencia de normalistas, quienes se limitaron a corear consignas en su recorrido y durante el mitin en el kiosco del z\u00f3calo, tras lo cual, una comisi\u00f3n se dirigi\u00f3 a Palacio de Gobierno para entregar el pliego de peticiones al gobierno de Salom\u00f3n Jara Cruz.<\/p>\n\n\n\n<p>Luego de alrededor de dos horas de movilizaci\u00f3n pac\u00edfica y tras entregar el documento, los normalistas se retiraron del z\u00f3calo.<\/p>\n\n\n\n<figure class=\"wp-block-embed is-type-rich is-provider-twitter wp-block-embed-twitter\"><div class=\"wp-block-embed__wrapper\">\n<div class=\"twitter-tweet\"><blockquote class=\"twitter-tweet\" data-lang=\"es\"><p lang=\"es\" dir=\"ltr\"><a href=\"https:\/\/twitter.com\/hashtag\/ENVIVO?src=hash&amp;ref_src=twsrc%5Etfw\">#ENVIVO<\/a><br>Oaxaca de Ju\u00e1rez, Oax., a 12 de enero de 2022.- Mitin de la Coordinadora de Estudiantes Normalistas del Estado de <a href=\"https:\/\/twitter.com\/hashtag\/Oaxaca?src=hash&amp;ref_src=twsrc%5Etfw\">#Oaxaca<\/a> en el kiosco y entrega de su pliego petitorio en el Palacio, con lo cual concluye su marcha en la capital. <br><br>Transmisi\u00f3n \ud83d\udc47<a href=\"https:\/\/t.co\/9KsgJfmfeQ\">https:\/\/t.co\/9KsgJfmfeQ<\/a> <a href=\"https:\/\/t.co\/PlB0FTi85K\">pic.twitter.com\/PlB0FTi85K<\/a><\/p>&mdash; Zona Roja Oaxaca (@ZonaRoja_Oaxaca) <a href=\"https:\/\/twitter.com\/ZonaRoja_Oaxaca\/status\/1613581993878458381?ref_src=twsrc%5Etfw\">12 de enero de 2023<\/a><\/blockquote><\/div>\n<\/div><\/figure>\n","protected":false},"excerpt":{"rendered":"<p>Yuridiana Sosa\/Zona Roja. Oaxaca de Ju\u00e1rez, Oax., 12 de enero de 2022.- Cientos de estudiantes&hellip;<\/p>\n","protected":false},"author":2,"featured_media":50389,"comment_status":"closed","ping_status":"open","sticky":false,"template":"","format":"standard","meta":{"_lmt_disableupdate":"","_lmt_disable":"","_jetpack_memberships_contains_paid_content":false,"footnotes":""},"categories":[109,47],"tags":[1926],"class_list":["post-50384","post","type-post","status-publish","format-standard","has-post-thumbnail","hentry","category-minuto-a-minuto","category-zona-gris","tag-coordinadora-estudiantil-normalista-del-estado-de-oaxaca-ceneo"],"jetpack_featured_media_url":"https:\/\/zonaroja.com.mx\/wp-content\/uploads\/2023\/01\/Marcha-CENEO-Normalistas.png","jetpack_sharing_enabled":true,"_links":{"self":[{"href":"https:\/\/zonaroja.com.mx\/index.php?rest_route=\/wp\/v2\/posts\/50384","targetHints":{"allow":["GET"]}}],"collection":[{"href":"https:\/\/zonaroja.com.mx\/index.php?rest_route=\/wp\/v2\/posts"}],"about":[{"href":"https:\/\/zonaroja.com.mx\/index.php?rest_route=\/wp\/v2\/types\/post"}],"author":[{"embeddable":true,"href":"https:\/\/zonaroja.com.mx\/index.php?rest_route=\/wp\/v2\/users\/2"}],"replies":[{"embeddable":true,"href":"https:\/\/zonaroja.com.mx\/index.php?rest_route=%2Fwp%2Fv2%2Fcomments&post=50384"}],"version-history":[{"count":3,"href":"https:\/\/zonaroja.com.mx\/index.php?rest_route=\/wp\/v2\/posts\/50384\/revisions"}],"predecessor-version":[{"id":50391,"href":"https:\/\/zonaroja.com.mx\/index.php?rest_route=\/wp\/v2\/posts\/50384\/revisions\/50391"}],"wp:featuredmedia":[{"embeddable":true,"href":"https:\/\/zonaroja.com.mx\/index.php?rest_route=\/wp\/v2\/media\/50389"}],"wp:attachment":[{"href":"https:\/\/zonaroja.com.mx\/index.php?rest_route=%2Fwp%2Fv2%2Fmedia&parent=50384"}],"wp:term":[{"taxonomy":"category","embeddable":true,"href":"https:\/\/zonaroja.com.mx\/index.php?rest_route=%2Fwp%2Fv2%2Fcategories&post=50384"},{"taxonomy":"post_tag","embeddable":true,"href":"https:\/\/zonaroja.com.mx\/index.php?rest_route=%2Fwp%2Fv2%2Ftags&post=50384"}],"curies":[{"name":"wp","href":"https:\/\/api.w.org\/{rel}","templated":true}]}}