{"id":5039,"date":"2019-10-22T17:41:37","date_gmt":"2019-10-22T22:41:37","guid":{"rendered":"http:\/\/www.zonaroja.com.mx\/?p=5039"},"modified":"2019-10-22T17:41:40","modified_gmt":"2019-10-22T22:41:40","slug":"otro-oaxaqueno-obtuvo-premio-nacional-de-la-juventud-se-lo-entrego-amlo","status":"publish","type":"post","link":"https:\/\/zonaroja.com.mx\/?p=5039","title":{"rendered":"Otro oaxaque\u00f1o obtuvo Premio Nacional de la Juventud; se lo entreg\u00f3 AMLO"},"content":{"rendered":"\n<p>Redacci\u00f3n\/Zona Roja.<\/p>\n\n\n\n<p>Oaxaca de Ju\u00e1rez, Oax., 22 de octubre\nde 2019.- Otro oaxaque\u00f1o obtuvo el Premio Nacional de la Juventud y tambi\u00e9n lo\nrecibi\u00f3 ayer de manos del Presidente de M\u00e9xico, Andr\u00e9s Manuel L\u00f3pez Obrador.<\/p>\n\n\n\n<p>Se trata de Bryant Leomar Garc\u00eda Ru\u00edz,\nestudiante del Plantel 222 \u201cZapata del Instituto de Estudios de Bachillerato\ndel Estado de Oaxaca (IEBO), originario de la zona Mixe y de 17 a\u00f1os de edad.<\/p>\n\n\n\n<p>Fue galardonado en la categor\u00eda \u201cA\u201d de\nDerechos Humanos y el mandatario mexicano hizo entrega del reconocimiento\ndurante la conferencia de prensa matutina en el Palacio Nacional, acompa\u00f1ado\ndel director general del Instituto Mexicano de la Juventud (Imjuve), Guillermo\nSantiago Rodr\u00edguez.<\/p>\n\n\n\n<p>Desde peque\u00f1o, Bryant Leomar se\ninvolucr\u00f3 en actividades de oratoria, conocimiento y promoci\u00f3n de los derechos humanos,\npor ello, su proyecto consiste en difundir a trav\u00e9s de conferencias y talleres\nlas formas o medidas de protecci\u00f3n de los derechos de este sector.<\/p>\n\n\n\n<p>Asimismo, las distintas problem\u00e1ticas a\nlas que se enfrentan en los \u00e1mbitos de su vida e incentivas a que las\ninstituciones p\u00fablicas y privadas implementen las medidas necesarias que\ngaranticen protecci\u00f3n contra toda forma de discriminaci\u00f3n.<\/p>\n\n\n\n<p>Los derechos humanos, afirma \u201cson parte\nde la vida, est\u00e1n presentes desde el primer respiro, hasta el \u00faltimo aliento;\npor lo que la educaci\u00f3n basada en los derechos humanos debe estar presente\ndesde la ni\u00f1ez, reforzarse en la adolescencia y practicarse en la vida adulta\ncon las nuevas generaciones, para que \u00e9stas puedan continuar con la\nconstrucci\u00f3n de sociedades menos desiguales y un mundo m\u00e1s humano para todas y\ntodos.<\/p>\n\n\n\n<p>\u201cComo oaxaque\u00f1os el panorama en\nDerechos Humanos en menores no es el id\u00f3neo, y ello requiere arduo trabajo y\nuna nueva perspectiva en la que antes de vernos con etiquetas sociales,\nculturales, generacionales e ideol\u00f3gicas, se anteponga la convivencia entre las\npersonas\u201d, se\u00f1ala.<\/p>\n\n\n\n<p>En la lucha por los derechos de las\nni\u00f1as, ni\u00f1os y adolescentes, as\u00ed como por su tenacidad lo han llevado a ser\nintegrante de ocho organizaciones a nivel nacional e internacional como el\nConsejo Ciudadano de Participaci\u00f3n Juvenil del Estado de Oaxaca.<\/p>\n\n\n\n<p>De la Red Nacional de Adolescentes en\nel Fondo de las Naciones Unidas para la Infancia (UNICEF) M\u00e9xico, Grupo Asesor\nde J\u00f3venes en el Fondo de Poblaci\u00f3n de las Naciones Unidas (UNFPA) M\u00e9xico,\nIntegrante del Ateneo Nacional de la Juventud, entre otros.<\/p>\n\n\n\n<p>Cabe resaltar que fue&nbsp; nominado al Premio Internacional de la Paz de\nlos ni\u00f1os en Kids Rights, y actualmente dice, se siente satisfecho de su logro\naunque hay mucho por hacer, asegura que insistir\u00e1 y redoblar\u00e1 esfuerzos para\nque se logre el respeto a los derechos humanos del sector m\u00e1s vulnerable de las\ny los oaxaque\u00f1os y mexicanos.<\/p>\n\n\n\n<p>Actualmente cursa el quinto semestre de\nnivel medio superior en el Plantel 22 \u201cZapata\u201d, ubicado en la regi\u00f3n Sierra\nNorte, en el Ejido Emiliano Zapata, San Juan Cotzoc\u00f3n Mixe, Oaxaca, y es ah\u00ed,\nen su comunidad de origen donde inici\u00f3 esta loable labor apoyado por su familia\nque la integran su mam\u00e1, pap\u00e1 y dos hermanas.<\/p>\n\n\n\n<p>Reconoce el apoyo de los docentes del\nIEBO quienes siempre lo han impulsado a continuar con esta labor que le ha\npermitido ser galardonado por la Secretar\u00eda de Turismo (Sectur) 2013 \u201cEl\nTurismo Unido Contra la Trata de personas\u201d.<\/p>\n\n\n\n<p>Tambi\u00e9n fue premiado por el Consejo\nNacional de Ciencia y Tecnolog\u00eda (Conacyt) 2017, galardonado por el Consejo\nNacional de Poblaci\u00f3n (Conapo) 2017, galardonado con el Premio Huaxyacac en el\nAteneo Nacional de la Juventud y actualmente el Premio Nacional de la Juventud\n2019 en Derechos Humanos.<\/p>\n","protected":false},"excerpt":{"rendered":"<p>Redacci\u00f3n\/Zona Roja. Oaxaca de Ju\u00e1rez, Oax., 22 de octubre de 2019.- Otro oaxaque\u00f1o obtuvo el&hellip;<\/p>\n","protected":false},"author":2,"featured_media":5040,"comment_status":"closed","ping_status":"open","sticky":false,"template":"","format":"standard","meta":{"_lmt_disableupdate":"","_lmt_disable":"","_jetpack_memberships_contains_paid_content":false,"footnotes":""},"categories":[109,46],"tags":[901,896],"class_list":["post-5039","post","type-post","status-publish","format-standard","has-post-thumbnail","hentry","category-minuto-a-minuto","category-zona-blanca","tag-bryant-leomar-garcia-ruiz","tag-premio-nacional-de-la-juventud"],"jetpack_featured_media_url":"https:\/\/zonaroja.com.mx\/wp-content\/uploads\/2019\/10\/Image-1-36-1.png","jetpack_sharing_enabled":true,"_links":{"self":[{"href":"https:\/\/zonaroja.com.mx\/index.php?rest_route=\/wp\/v2\/posts\/5039","targetHints":{"allow":["GET"]}}],"collection":[{"href":"https:\/\/zonaroja.com.mx\/index.php?rest_route=\/wp\/v2\/posts"}],"about":[{"href":"https:\/\/zonaroja.com.mx\/index.php?rest_route=\/wp\/v2\/types\/post"}],"author":[{"embeddable":true,"href":"https:\/\/zonaroja.com.mx\/index.php?rest_route=\/wp\/v2\/users\/2"}],"replies":[{"embeddable":true,"href":"https:\/\/zonaroja.com.mx\/index.php?rest_route=%2Fwp%2Fv2%2Fcomments&post=5039"}],"version-history":[{"count":1,"href":"https:\/\/zonaroja.com.mx\/index.php?rest_route=\/wp\/v2\/posts\/5039\/revisions"}],"predecessor-version":[{"id":5041,"href":"https:\/\/zonaroja.com.mx\/index.php?rest_route=\/wp\/v2\/posts\/5039\/revisions\/5041"}],"wp:featuredmedia":[{"embeddable":true,"href":"https:\/\/zonaroja.com.mx\/index.php?rest_route=\/wp\/v2\/media\/5040"}],"wp:attachment":[{"href":"https:\/\/zonaroja.com.mx\/index.php?rest_route=%2Fwp%2Fv2%2Fmedia&parent=5039"}],"wp:term":[{"taxonomy":"category","embeddable":true,"href":"https:\/\/zonaroja.com.mx\/index.php?rest_route=%2Fwp%2Fv2%2Fcategories&post=5039"},{"taxonomy":"post_tag","embeddable":true,"href":"https:\/\/zonaroja.com.mx\/index.php?rest_route=%2Fwp%2Fv2%2Ftags&post=5039"}],"curies":[{"name":"wp","href":"https:\/\/api.w.org\/{rel}","templated":true}]}}