{"id":50392,"date":"2023-01-12T20:08:59","date_gmt":"2023-01-13T02:08:59","guid":{"rendered":"http:\/\/www.zonaroja.com.mx\/?p=50392"},"modified":"2023-01-12T20:09:02","modified_gmt":"2023-01-13T02:09:02","slug":"roja-primavera-dos-individuos-asesinados-y-una-mujer-baleada","status":"publish","type":"post","link":"https:\/\/zonaroja.com.mx\/?p=50392","title":{"rendered":"\u201cRoja primavera\u201d: dos individuos asesinados y una mujer baleada"},"content":{"rendered":"\n<p>Redacci\u00f3n\/Zona Roja.<\/p>\n\n\n\n<p>Oaxaca de Ju\u00e1rez, Oax., a 12 de enero de 2022.- La jornada violenta de este jueves en Oaxaca dej\u00f3 como saldo una mujer lesionada por disparos de arma de fuego y dos individuos ejecutados.<\/p>\n\n\n\n<p>Esta noche, una persona del sexo masculino fue ultimada a balazos afuera de su domicilio en la calle Veracruz de la colonia Benito Ju\u00e1rez, en Santo Domingo Tehuantepec.<\/p>\n\n\n\n<p>Param\u00e9dicos de la Cruz Roja arribaron al sitio para brindar los primeros auxilios, pero corroboraron que ya hab\u00eda perdido la vida; la v\u00edctima a\u00fan no ha sido identificada.<\/p>\n\n\n\n<p>Por otra parte, la tarde de hoy en la carretera federal n\u00famero 200, en inmediaciones de San Andr\u00e9s Huaxpaltepec, una camioneta fue atacada a balazos.<\/p>\n\n\n\n<p>El conductor de la unidad de motor marca Nissan, tipo NP300, con placas de circulaci\u00f3n RY40955 de Oaxaca, muri\u00f3 al instante, debido a los m\u00faltiples disparos de arma de fuego.<\/p>\n\n\n\n<p>Fue identificado como Sebasti\u00e1n L. C., de profesi\u00f3n enfermero, y a\u00fan se desconocen los motivos por los cuales fue ejecutado; debido a las diligencias ministeriales, la v\u00eda federal permaneci\u00f3 cerrada por unas horas.<\/p>\n\n\n\n<p>Horas antes, en el municipio de Santa Mar\u00eda Zacatepec, del distrito de Putla, la femenina Floriberta M., de 70 a\u00f1os de edad, fue agredida a balazos por sujetos a bordo de una motocicleta.<\/p>\n\n\n\n<p>La mujer fue llevada a un hospital, donde la reportan grave de salud; de sus agresores, ninguno fue detenido y a\u00fan se ignora el m\u00f3vil del ataque.<\/p>\n","protected":false},"excerpt":{"rendered":"<p>Redacci\u00f3n\/Zona Roja. Oaxaca de Ju\u00e1rez, Oax., a 12 de enero de 2022.- La jornada violenta&hellip;<\/p>\n","protected":false},"author":2,"featured_media":50393,"comment_status":"closed","ping_status":"open","sticky":false,"template":"","format":"standard","meta":{"_lmt_disableupdate":"","_lmt_disable":"","_jetpack_memberships_contains_paid_content":false,"footnotes":""},"categories":[109,51],"tags":[1071,125],"class_list":["post-50392","post","type-post","status-publish","format-standard","has-post-thumbnail","hentry","category-minuto-a-minuto","category-zona-roja","tag-santa-maria-zacatepec","tag-santo-domingo-tehuantepec"],"jetpack_featured_media_url":"https:\/\/zonaroja.com.mx\/wp-content\/uploads\/2023\/01\/Asesinado-Huaxpaltepec.jpg","jetpack_sharing_enabled":true,"_links":{"self":[{"href":"https:\/\/zonaroja.com.mx\/index.php?rest_route=\/wp\/v2\/posts\/50392","targetHints":{"allow":["GET"]}}],"collection":[{"href":"https:\/\/zonaroja.com.mx\/index.php?rest_route=\/wp\/v2\/posts"}],"about":[{"href":"https:\/\/zonaroja.com.mx\/index.php?rest_route=\/wp\/v2\/types\/post"}],"author":[{"embeddable":true,"href":"https:\/\/zonaroja.com.mx\/index.php?rest_route=\/wp\/v2\/users\/2"}],"replies":[{"embeddable":true,"href":"https:\/\/zonaroja.com.mx\/index.php?rest_route=%2Fwp%2Fv2%2Fcomments&post=50392"}],"version-history":[{"count":1,"href":"https:\/\/zonaroja.com.mx\/index.php?rest_route=\/wp\/v2\/posts\/50392\/revisions"}],"predecessor-version":[{"id":50394,"href":"https:\/\/zonaroja.com.mx\/index.php?rest_route=\/wp\/v2\/posts\/50392\/revisions\/50394"}],"wp:featuredmedia":[{"embeddable":true,"href":"https:\/\/zonaroja.com.mx\/index.php?rest_route=\/wp\/v2\/media\/50393"}],"wp:attachment":[{"href":"https:\/\/zonaroja.com.mx\/index.php?rest_route=%2Fwp%2Fv2%2Fmedia&parent=50392"}],"wp:term":[{"taxonomy":"category","embeddable":true,"href":"https:\/\/zonaroja.com.mx\/index.php?rest_route=%2Fwp%2Fv2%2Fcategories&post=50392"},{"taxonomy":"post_tag","embeddable":true,"href":"https:\/\/zonaroja.com.mx\/index.php?rest_route=%2Fwp%2Fv2%2Ftags&post=50392"}],"curies":[{"name":"wp","href":"https:\/\/api.w.org\/{rel}","templated":true}]}}